{"id":154774,"date":"2018-07-16T15:19:10","date_gmt":"2018-07-16T12:19:10","guid":{"rendered":"http:\/\/www.sana.sy\/tr\/?p=154774"},"modified":"2018-07-16T15:20:20","modified_gmt":"2018-07-16T12:20:20","slug":"askeri-kaynak-ordu-birliklerimizin-guney-cephesinin-en-onemli-komuta-karargahlarindan-biri-sayilan-tel-el-harayi-terorden-kurtarip-kontrollerine-gecirdiklerini-belirtti","status":"publish","type":"post","link":"https:\/\/archive.sana.sy\/tr\/?p=154774","title":{"rendered":"Askeri kaynak; ordu birliklerimizin G\u00fcney Cephesinin en \u00f6nemli komuta karargahlar\u0131ndan biri say\u0131lan Tel el Hara Beldesini ter\u00f6rden kurtar\u0131p kontrollerine ge\u00e7irdiklerini belirtti"},"content":{"rendered":"<p>Askeri kaynak; ordu birliklerimizin G\u00fcney Cephesinin en \u00f6nemli komuta karargahlar\u0131ndan biri say\u0131lan Tel el Hara Beldesini ter\u00f6rden kurtar\u0131p kontrollerine ge\u00e7irdiklerini belirtti<\/p>\n","protected":false},"excerpt":{"rendered":"<p>Askeri kaynak; ordu birliklerimizin G\u00fcney Cephesinin en \u00f6nemli komuta karargahlar\u0131ndan biri say\u0131lan Tel el Hara Beldesini ter\u00f6rden kurtar\u0131p kontrollerine ge\u00e7irdiklerini belirtti<\/p>\n","protected":false},"author":1,"featured_media":0,"comment_status":"closed","ping_status":"closed","sticky":false,"template":"","format":"standard","meta":{"footnotes":""},"categories":[17991],"tags":[],"class_list":["post-154774","post","type-post","status-publish","format-standard","","category-son-dakika"],"_links":{"self":[{"href":"https:\/\/archive.sana.sy\/tr\/index.php?rest_route=\/wp\/v2\/posts\/154774","targetHints":{"allow":["GET"]}}],"collection":[{"href":"https:\/\/archive.sana.sy\/tr\/index.php?rest_route=\/wp\/v2\/posts"}],"about":[{"href":"https:\/\/archive.sana.sy\/tr\/index.php?rest_route=\/wp\/v2\/types\/post"}],"author":[{"embeddable":true,"href":"https:\/\/archive.sana.sy\/tr\/index.php?rest_route=\/wp\/v2\/users\/1"}],"replies":[{"embeddable":true,"href":"https:\/\/archive.sana.sy\/tr\/index.php?rest_route=%2Fwp%2Fv2%2Fcomments&post=154774"}],"version-history":[{"count":0,"href":"https:\/\/archive.sana.sy\/tr\/index.php?rest_route=\/wp\/v2\/posts\/154774\/revisions"}],"wp:attachment":[{"href":"https:\/\/archive.sana.sy\/tr\/index.php?rest_route=%2Fwp%2Fv2%2Fmedia&parent=154774"}],"wp:term":[{"taxonomy":"category","embeddable":true,"href":"https:\/\/archive.sana.sy\/tr\/index.php?rest_route=%2Fwp%2Fv2%2Fcategories&post=154774"},{"taxonomy":"post_tag","embeddable":true,"href":"https:\/\/archive.sana.sy\/tr\/index.php?rest_route=%2Fwp%2Fv2%2Ftags&post=154774"}],"curies":[{"name":"wp","href":"https:\/\/api.w.org\/{rel}","templated":true}]}}