{"id":155069,"date":"2018-07-20T12:16:24","date_gmt":"2018-07-20T09:16:24","guid":{"rendered":"http:\/\/www.sana.sy\/tr\/?p=155069"},"modified":"2018-07-20T12:16:24","modified_gmt":"2018-07-20T09:16:24","slug":"sana-muhabiri-kunaytra-kirsali-um-batina-beldesinde-silah-birakmayi-reddeden-teroristleri-aileleriyle-birlikte-suriyenin-kuzeyine-aktarma-icraatlarinin-baslatildigini-aktardi","status":"publish","type":"post","link":"https:\/\/archive.sana.sy\/tr\/?p=155069","title":{"rendered":"SANA muhabiri Kunaytra k\u0131rsal\u0131 Um Batina Beldesinde silah b\u0131rakmay\u0131 reddeden ter\u00f6ristleri aileleriyle birlikte Suriye&#8217;nin kuzeyine aktarma icraatlar\u0131n\u0131n ba\u015flat\u0131ld\u0131\u011f\u0131n\u0131 aktard\u0131"},"content":{"rendered":"<p>SANA muhabiri Kunaytra k\u0131rsal\u0131 Um Batina Beldesinde silah b\u0131rakmay\u0131 reddeden ter\u00f6ristleri aileleriyle birlikte Suriye&#8217;nin kuzeyine aktarma icraatlar\u0131n\u0131n ba\u015flat\u0131ld\u0131\u011f\u0131n\u0131 aktard\u0131<\/p>\n","protected":false},"excerpt":{"rendered":"<p>SANA muhabiri Kunaytra k\u0131rsal\u0131 Um Batina Beldesinde silah b\u0131rakmay\u0131 reddeden ter\u00f6ristleri aileleriyle birlikte Suriye&#8217;nin kuzeyine aktarma icraatlar\u0131n\u0131n ba\u015flat\u0131ld\u0131\u011f\u0131n\u0131 aktard\u0131<\/p>\n","protected":false},"author":1,"featured_media":0,"comment_status":"closed","ping_status":"closed","sticky":false,"template":"","format":"standard","meta":{"footnotes":""},"categories":[17991],"tags":[],"class_list":["post-155069","post","type-post","status-publish","format-standard","","category-son-dakika"],"_links":{"self":[{"href":"https:\/\/archive.sana.sy\/tr\/index.php?rest_route=\/wp\/v2\/posts\/155069","targetHints":{"allow":["GET"]}}],"collection":[{"href":"https:\/\/archive.sana.sy\/tr\/index.php?rest_route=\/wp\/v2\/posts"}],"about":[{"href":"https:\/\/archive.sana.sy\/tr\/index.php?rest_route=\/wp\/v2\/types\/post"}],"author":[{"embeddable":true,"href":"https:\/\/archive.sana.sy\/tr\/index.php?rest_route=\/wp\/v2\/users\/1"}],"replies":[{"embeddable":true,"href":"https:\/\/archive.sana.sy\/tr\/index.php?rest_route=%2Fwp%2Fv2%2Fcomments&post=155069"}],"version-history":[{"count":0,"href":"https:\/\/archive.sana.sy\/tr\/index.php?rest_route=\/wp\/v2\/posts\/155069\/revisions"}],"wp:attachment":[{"href":"https:\/\/archive.sana.sy\/tr\/index.php?rest_route=%2Fwp%2Fv2%2Fmedia&parent=155069"}],"wp:term":[{"taxonomy":"category","embeddable":true,"href":"https:\/\/archive.sana.sy\/tr\/index.php?rest_route=%2Fwp%2Fv2%2Fcategories&post=155069"},{"taxonomy":"post_tag","embeddable":true,"href":"https:\/\/archive.sana.sy\/tr\/index.php?rest_route=%2Fwp%2Fv2%2Ftags&post=155069"}],"curies":[{"name":"wp","href":"https:\/\/api.w.org\/{rel}","templated":true}]}}