{"id":155071,"date":"2018-07-20T10:30:48","date_gmt":"2018-07-20T07:30:48","guid":{"rendered":"http:\/\/www.sana.sy\/tr\/?p=155071"},"modified":"2018-07-21T12:56:38","modified_gmt":"2018-07-21T09:56:38","slug":"kunaytra-kirsalinda-silah-birakmayi-reddeden-teroristleri-tahliye-etme-icraatlari-basladi","status":"publish","type":"post","link":"https:\/\/archive.sana.sy\/tr\/?p=155071","title":{"rendered":"Kunaytra K\u0131rsal\u0131nda Silah B\u0131rakmay\u0131 Reddeden Ter\u00f6ristleri Tahliye Etme \u0130craatlar\u0131 Ba\u015flad\u0131"},"content":{"rendered":"<p>KUNAYTRA \u2013 Kunaytra k\u0131rsal\u0131 Um Batina Beldesinde silah b\u0131rakmay\u0131 reddeden ter\u00f6ristleri aileleriyle birlikte Suriye&#8217;nin kuzeyine aktarma icraatlar\u0131 ba\u015flad\u0131.<\/p>\n<p><a href=\"http:\/\/www.sana.sy\/tr\/wp-content\/uploads\/2018\/07\/2-2-1.jpg\"><img loading=\"lazy\" decoding=\"async\" class=\"alignright wp-image-155149 size-medium\" src=\"http:\/\/www.sana.sy\/tr\/wp-content\/uploads\/2018\/07\/2-2-1-300x178.jpg\" alt=\"\" width=\"300\" height=\"178\" srcset=\"https:\/\/archive.sana.sy\/tr\/wp-content\/uploads\/2018\/07\/2-2-1-300x178.jpg 300w, https:\/\/archive.sana.sy\/tr\/wp-content\/uploads\/2018\/07\/2-2-1-150x89.jpg 150w, https:\/\/archive.sana.sy\/tr\/wp-content\/uploads\/2018\/07\/2-2-1-768x454.jpg 768w, https:\/\/archive.sana.sy\/tr\/wp-content\/uploads\/2018\/07\/2-2-1-1024x606.jpg 1024w, https:\/\/archive.sana.sy\/tr\/wp-content\/uploads\/2018\/07\/2-2-1.jpg 1200w\" sizes=\"auto, (max-width: 300px) 100vw, 300px\" \/><\/a>SANA muhabiri Kunaytra k\u0131rsal\u0131n\u0131n t\u00fcm belde ve k\u00f6ylerinde silah b\u0131rakmay\u0131 reddeden ter\u00f6ristlerin Suriye&#8217;nin kuzeyine aktar\u0131lmalar\u0131 i\u00e7in Um Batina Beldesinde topland\u0131klar\u0131na dikkat \u00e7ekerken, gerekli kontrol ve denetim i\u015flemlerinden sonra otob\u00fcslerin tek bir konvoy halinde Suriye&#8217;nin kuzeyine g\u00f6nderileceklerini s\u00f6yledi.<\/p>\n<p>Muhabir ordu birliklerimizin bu sabah ter\u00f6ristlerden ar\u0131nd\u0131r\u0131lan Ayn el Tiyna ve Kurkos beldelerine girdiklerine vurgu yapt\u0131.<\/p>\n<p>Kunaytra k\u0131rsal\u0131n\u0131n tamam\u0131n\u0131n ter\u00f6rden ar\u0131nd\u0131r\u0131lmas\u0131yla birlikte ordu birliklerimizin 2011 y\u0131l\u0131 \u00f6ncesi t\u00fcm mevkilerine geri d\u00f6n\u00fcp devlet kurumlar\u0131 ve hizmet altyap\u0131s\u0131n\u0131n yeniden etkinle\u015ftirilmesini \u00f6ng\u00f6ren bir uzla\u015fma sa\u011flanm\u0131\u015ft\u0131. Uzla\u015fma kapsam\u0131nda silah b\u0131rakmay\u0131 reddeden ter\u00f6ristler t\u00fcm orta ve a\u011f\u0131r silahlar\u0131n\u0131 teslim etmeleri ard\u0131ndan \u0130dlib\u2019e aktar\u0131lacak. Silah b\u0131rakanlar ise kanuni durumlar\u0131 yeniden d\u00fczenlenip normal ya\u015famlar\u0131na d\u00f6necekler.<\/p>\n<p>&nbsp;<\/p>\n","protected":false},"excerpt":{"rendered":"<p>KUNAYTRA \u2013 Kunaytra k\u0131rsal\u0131 Um Batina Beldesinde silah b\u0131rakmay\u0131 reddeden ter\u00f6ristleri aileleriyle birlikte Suriye&#8217;nin kuzeyine aktarma icraatlar\u0131 ba\u015flad\u0131. SANA muhabiri Kunaytra k\u0131rsal\u0131n\u0131n t\u00fcm belde ve k\u00f6ylerinde silah b\u0131rakmay\u0131 reddeden ter\u00f6ristlerin Suriye&#8217;nin kuzeyine aktar\u0131lmalar\u0131 i\u00e7in Um Batina Beldesinde topland\u0131klar\u0131na dikkat \u00e7ekerken, gerekli kontrol ve denetim i\u015flemlerinden sonra otob\u00fcslerin tek bir konvoy halinde Suriye&#8217;nin kuzeyine g\u00f6nderileceklerini s\u00f6yledi. &hellip;<\/p>\n","protected":false},"author":1,"featured_media":155148,"comment_status":"closed","ping_status":"closed","sticky":false,"template":"","format":"standard","meta":{"footnotes":""},"categories":[479,575,17988,478],"tags":[35577,32916,1294,2985,36082,16591,33091,36954,19461],"class_list":["post-155071","post","type-post","status-publish","format-standard","has-post-thumbnail","","category-haberler-yerel","category-olaylar-ve-gercekler","category-son-haberler","category-yerel","tag-10-otobusu","tag-aileler","tag-idlib","tag-kunaytra-kirsali","tag-silah-birakma","tag-suriye","tag-teroristleri","tag-um-batina-beldesi","tag-uzlasma"],"_links":{"self":[{"href":"https:\/\/archive.sana.sy\/tr\/index.php?rest_route=\/wp\/v2\/posts\/155071","targetHints":{"allow":["GET"]}}],"collection":[{"href":"https:\/\/archive.sana.sy\/tr\/index.php?rest_route=\/wp\/v2\/posts"}],"about":[{"href":"https:\/\/archive.sana.sy\/tr\/index.php?rest_route=\/wp\/v2\/types\/post"}],"author":[{"embeddable":true,"href":"https:\/\/archive.sana.sy\/tr\/index.php?rest_route=\/wp\/v2\/users\/1"}],"replies":[{"embeddable":true,"href":"https:\/\/archive.sana.sy\/tr\/index.php?rest_route=%2Fwp%2Fv2%2Fcomments&post=155071"}],"version-history":[{"count":0,"href":"https:\/\/archive.sana.sy\/tr\/index.php?rest_route=\/wp\/v2\/posts\/155071\/revisions"}],"wp:featuredmedia":[{"embeddable":true,"href":"https:\/\/archive.sana.sy\/tr\/index.php?rest_route=\/wp\/v2\/media\/155148"}],"wp:attachment":[{"href":"https:\/\/archive.sana.sy\/tr\/index.php?rest_route=%2Fwp%2Fv2%2Fmedia&parent=155071"}],"wp:term":[{"taxonomy":"category","embeddable":true,"href":"https:\/\/archive.sana.sy\/tr\/index.php?rest_route=%2Fwp%2Fv2%2Fcategories&post=155071"},{"taxonomy":"post_tag","embeddable":true,"href":"https:\/\/archive.sana.sy\/tr\/index.php?rest_route=%2Fwp%2Fv2%2Ftags&post=155071"}],"curies":[{"name":"wp","href":"https:\/\/api.w.org\/{rel}","templated":true}]}}