{"id":155166,"date":"2018-07-21T11:44:18","date_gmt":"2018-07-21T08:44:18","guid":{"rendered":"http:\/\/www.sana.sy\/tr\/?p=155166"},"modified":"2018-07-21T11:44:18","modified_gmt":"2018-07-21T08:44:18","slug":"yetkili-kaynak-bu-kanunun-gaspci-israilin-irkci-ayirim-sistemi-ile-israilin-irkciligini-pekistirecegi-gibi-guney-afrikada-apartheid-rejiminden-daha-kotu-olmasina-yol-acacagina-dikkat-cekt","status":"publish","type":"post","link":"https:\/\/archive.sana.sy\/tr\/?p=155166","title":{"rendered":"Yetkili kaynak bu kanunun gasp\u00e7\u0131 \u0130srail&#8217;in \u0131rk\u00e7\u0131 ay\u0131r\u0131m sistemi ile \u0130srail&#8217;in \u0131rk\u00e7\u0131l\u0131\u011f\u0131n\u0131 peki\u015ftirece\u011fi gibi G\u00fcney Afrika\u2019da Apartheid Rejiminden daha k\u00f6t\u00fc olmas\u0131na yol a\u00e7aca\u011f\u0131na dikkat \u00e7ekti."},"content":{"rendered":"<p>Yetkili kaynak bu kanunun gasp\u00e7\u0131 \u0130srail&#8217;in \u0131rk\u00e7\u0131 ay\u0131r\u0131m sistemi ile \u0130srail&#8217;in \u0131rk\u00e7\u0131l\u0131\u011f\u0131n\u0131 peki\u015ftirece\u011fi gibi G\u00fcney Afrika\u2019da Apartheid Rejiminden daha k\u00f6t\u00fc olmas\u0131na yol a\u00e7aca\u011f\u0131na dikkat \u00e7ekti.<\/p>\n","protected":false},"excerpt":{"rendered":"<p>Yetkili kaynak bu kanunun gasp\u00e7\u0131 \u0130srail&#8217;in \u0131rk\u00e7\u0131 ay\u0131r\u0131m sistemi ile \u0130srail&#8217;in \u0131rk\u00e7\u0131l\u0131\u011f\u0131n\u0131 peki\u015ftirece\u011fi gibi G\u00fcney Afrika\u2019da Apartheid Rejiminden daha k\u00f6t\u00fc olmas\u0131na yol a\u00e7aca\u011f\u0131na dikkat \u00e7ekti.<\/p>\n","protected":false},"author":1,"featured_media":0,"comment_status":"closed","ping_status":"closed","sticky":false,"template":"","format":"standard","meta":{"footnotes":""},"categories":[17991],"tags":[],"class_list":["post-155166","post","type-post","status-publish","format-standard","","category-son-dakika"],"_links":{"self":[{"href":"https:\/\/archive.sana.sy\/tr\/index.php?rest_route=\/wp\/v2\/posts\/155166","targetHints":{"allow":["GET"]}}],"collection":[{"href":"https:\/\/archive.sana.sy\/tr\/index.php?rest_route=\/wp\/v2\/posts"}],"about":[{"href":"https:\/\/archive.sana.sy\/tr\/index.php?rest_route=\/wp\/v2\/types\/post"}],"author":[{"embeddable":true,"href":"https:\/\/archive.sana.sy\/tr\/index.php?rest_route=\/wp\/v2\/users\/1"}],"replies":[{"embeddable":true,"href":"https:\/\/archive.sana.sy\/tr\/index.php?rest_route=%2Fwp%2Fv2%2Fcomments&post=155166"}],"version-history":[{"count":0,"href":"https:\/\/archive.sana.sy\/tr\/index.php?rest_route=\/wp\/v2\/posts\/155166\/revisions"}],"wp:attachment":[{"href":"https:\/\/archive.sana.sy\/tr\/index.php?rest_route=%2Fwp%2Fv2%2Fmedia&parent=155166"}],"wp:term":[{"taxonomy":"category","embeddable":true,"href":"https:\/\/archive.sana.sy\/tr\/index.php?rest_route=%2Fwp%2Fv2%2Fcategories&post=155166"},{"taxonomy":"post_tag","embeddable":true,"href":"https:\/\/archive.sana.sy\/tr\/index.php?rest_route=%2Fwp%2Fv2%2Ftags&post=155166"}],"curies":[{"name":"wp","href":"https:\/\/api.w.org\/{rel}","templated":true}]}}