{"id":15571,"date":"2014-11-16T10:06:17","date_gmt":"2014-11-16T08:06:17","guid":{"rendered":"http:\/\/www.sana.sy\/tr\/?p=15571"},"modified":"2014-11-16T14:16:42","modified_gmt":"2014-11-16T12:16:42","slug":"kahramanlarimiz-tekfirci-ve-hain-terore-hezimet-ustune-hezimet-yasatiyorlar","status":"publish","type":"post","link":"https:\/\/archive.sana.sy\/tr\/?p=15571","title":{"rendered":"Kahramanlar\u0131m\u0131z Tekfirci ve Hain Ter\u00f6re Hezimet \u00dcst\u00fcne Hezimet Ya\u015fat\u0131yorlar"},"content":{"rendered":"<p>\u0130LLER \u2013 \u00dc\u00e7 y\u0131l\u0131 a\u015fk\u0131n bir s\u00fcredir \u00fclkenin d\u00f6rt bir yan\u0131nda ter\u00f6re kar\u015f\u0131 destans\u0131 bir m\u00fccadele sergileyen kahraman birliklerimiz; binlerce y\u0131l \u00f6ncesinden gelen uygarl\u0131k, vatanseverlik ve insanl\u0131k k\u00fclt\u00fcr\u00fcn\u00fcn k\u00f6k sald\u0131\u011f\u0131 \u015fanl\u0131 vatan topraklar\u0131n\u0131n ter\u00f6r ve destek\u00e7ileri i\u00e7in batakl\u0131k ve mezardan ba\u015fka bir \u015fey olamayaca\u011f\u0131n\u0131 kan\u0131tlamaya devam ediyorlar.<\/p>\n<p><span style=\"color: #0000ff\">Vatan Koruyucular\u0131m\u0131z\u0131n \u015eam K\u0131rsal\u0131nda Ba\u015far\u0131l\u0131 Operasyonlar\u0131 Devam Ediyor<\/span><\/p>\n<p>Askeri bir kaynak SANA\u2019ya a\u00e7\u0131klamas\u0131nda ordu birliklerimizin \u015eam k\u0131rsal\u0131 Kalemun B\u00f6lgesinin do\u011fusunda Petra Da\u011flar\u0131 civarlar\u0131 ve Nasiriye Beldesinin do\u011fusunda ter\u00f6ristlerin yuva ve k\u00fcmelenme yarlerini hedef almalar\u0131yla \u00e7ok say\u0131da ter\u00f6risti \u00f6l\u00fc ve yaral\u0131 d\u00fc\u015f\u00fcrd\u00fcklerini ifade etti.<\/p>\n<p>Kaynak ordu birliklerimizin buna e\u015f zamanl\u0131 olarak Kalemun\u2019un bat\u0131s\u0131ndaki Mu\u015frife Beldesinin da\u011fl\u0131k alanlar\u0131nda L\u00fcbnan s\u0131n\u0131rlar\u0131ndan illegal yollarla Suriye&#8217;ye girmeye \u00e7al\u0131\u015fan ba\u015fta Nusra Cepheli olmak \u00fczere \u00e7ok say\u0131da ter\u00f6risti \u00f6l\u00fc yaral\u0131 d\u00fc\u015f\u00fcrd\u00fcklerini belirtti.<\/p>\n<p>\u00d6te yandan ordu birliklerimiz Dmayr Kentinin do\u011fusunda Um el Rumman K\u00f6y\u00fcnde ter\u00f6ristlerin yuva ve k\u00fcmelenme merkezlerini muhtevalar\u0131yla imha etti.<\/p>\n<p>Do\u011fu \u011euta\u2019n\u0131n Duma Kenti do\u011fusundaki Hav\u015f Nasra K\u00f6y\u00fc tar\u0131m arazilerinde ter\u00f6ristlerle s\u0131cak temasa giren ordu birliklerimiz \u00e7ok say\u0131da ter\u00f6risti \u00f6l\u00fc ve yaral\u0131 d\u00fc\u015f\u00fcrd\u00fc.<\/p>\n<p>Ordu birliklerimiz yine Duma Kentinin kuzeyindeki Aliye \u00e7iftliklerinde ter\u00f6r \u00e7etelerine y\u00f6nelik\u00a0operasyonlar\u0131n\u0131 s\u00fcrd\u00fcr\u00fcrken, aralar\u0131nda ter\u00f6r komutan\u0131 \u2018Ammar el Nufi\u2019 kod adl\u0131 az\u0131l\u0131 ter\u00f6ristin bulundu\u011fu bir\u00e7ok ter\u00f6risti etkisiz hale getirdi.<\/p>\n<p>Bu arada ordu birliklerimizin Kenaker Beldesinin g\u00fcneyindeki Resm el Samman B\u00f6lgesinde ter\u00f6ristlerin yuva ve k\u00fcmelenme yerlerini muhtevalar\u0131yla imha ettiklerini aktaran askeri kaynak; Do\u011fu \u011euta\u2019da Meydaa B\u00f6lgesinden Dmayr B\u00f6lgesine s\u0131zmaya \u00e7al\u0131\u015fan ter\u00f6ristleri pusuya d\u00fc\u015f\u00fcr\u00fcp genelini \u00f6l\u00fc ve yaral\u0131 d\u00fc\u015f\u00fcrd\u00fcklerini ekledi.<\/p>\n<p><span style=\"color: #0000ff\">Halep ve K\u0131rsal\u0131nda \u00d6nemli \u0130lerlemeler Devam Ediyor<\/span><\/p>\n<p>Askeri bir kaynak SANA\u2019ya a\u00e7\u0131klamas\u0131nda vatan koruyucular\u0131m\u0131z\u0131n Halep Kentinin 12 km kuzeyinde d\u00fc\u015fen Anedan B\u00f6lgesinde \u00e7ok say\u0131da ter\u00f6risti \u00f6l\u00fc yaral\u0131 d\u00fc\u015f\u00fcrd\u00fcklerini aktar\u0131rken; Halep Kentinin g\u00fcneydo\u011fusuna d\u00fc\u015fen Neyrab Kentinin bat\u0131s\u0131nda ter\u00f6rist ta\u015f\u0131yan bir arac\u0131 muhtevalar\u0131yla imha ettiklerini belirtti.<\/p>\n<p>Halep k\u0131rsal\u0131n\u0131n Kunaytrat K\u00f6y\u00fc ve Bnan el Hus Beldesinin yan\u0131 s\u0131ra ordu birliklerimizin 1 Ekim tarihinde ter\u00f6rden temizledi\u011fi Sfeyra Beldesinin bat\u0131s\u0131nda olduk\u00e7a y\u00fcksek say\u0131da ter\u00f6risti su\u00e7 edatlar\u0131 ve ara\u00e7lar\u0131yla etkisizle\u015ftirdiklerini belirten kaynak; Halep Kentinin Leyramun, Hazaliye, E\u015frefiye, Beni Zeyd, Ramusa, Amiriye, eski Halep ve Zehra Cemiyet konutlar\u0131 b\u00f6lgelerinde onlarca ter\u00f6risti \u00f6l\u00fc yaral\u0131 d\u00fc\u015f\u00fcrd\u00fcklerini aktard\u0131.<\/p>\n<p>Kaynak, ordu birliklerimizin Kefar Hamra, Semiriye, Mintar, Kerm el Tarrab, Beni Zeyd, Amiriye, RAmuse, Benan el Hus, Kumaytrat ve Abtin\u2019de \u00e7ok say\u0131da ter\u00f6risti \u00f6ld\u00fcrd\u00fcklerini ifade etti.<\/p>\n<p>\u00d6te yandan ordu birliklerimizin Halep k\u0131rsal\u0131n\u0131n g\u00fcneyinde Bla\u015f \u2013 Kefar Biy\u015f karayolu \u00fczerinde ter\u00f6rist ta\u015f\u0131yan bir arac\u0131 hedef almalar\u0131 sonucunda ter\u00f6r \u00f6rg\u00fctlerinin itiraflar\u0131na g\u00f6re 7 ter\u00f6rist \u00f6l\u00fc, 6 ter\u00f6rist de yaral\u0131 d\u00fc\u015ft\u00fc.<\/p>\n<p><span style=\"color: #0000ff\">\u0130dlib K\u0131rsal\u0131nda Onlarcas\u0131 Etkisizle\u015ftirildi<\/span><\/p>\n<p>Ordu birliklerimiz Ayn el Barde, Derko\u015f, Zebak\u0131, Koren, N\u0131hle, Hebbat, Tel Denet, Kefar Nacd, N\u0131hlya ve Kare el Gazel k\u00f6ylerinde \u00e7ok say\u0131da ter\u00f6risti \u00f6l\u00fc ve yaral\u0131 d\u00fc\u015f\u00fcr\u00fcp ara\u00e7lar\u0131n\u0131 da imha etti.<\/p>\n<p>\u0130dlib k\u0131rsal\u0131nda ise askeri bir kaynak ordu birliklerimizin Muarrat el Numan Kentine ilaveten Ebu Zuhur Beldesi \u00e7evresindeki Tel Tokan ve Merza Ma\u011faras\u0131 b\u00f6lgelerinde \u00e7ok say\u0131da ter\u00f6risti \u00f6l\u00fc ve yaral\u0131 d\u00fc\u015f\u00fcrd\u00fcklerini ifade etti.<\/p>\n<p>Bu arada Ebu el Zuhur B\u00f6lgesi belde merkezine ilaveten 25 k\u00f6y ve 26 \u00e7iftlikten olu\u015fmas\u0131yla bunlar\u0131n aras\u0131nda tarihi \u00f6nemi b\u00fcy\u00fck say\u0131lan Tel Tokan arkeolojik b\u00f6lgesinden olu\u015fuyor.<\/p>\n<p>\u0130dlib\u2019in do\u011fusunda Halep y\u00f6n\u00fcnde d\u00fc\u015fen bu b\u00f6lge T\u00fcrkiye s\u0131n\u0131rlar\u0131ndan giren kiral\u0131k ter\u00f6r \u00e7etelerinin yo\u011fun sald\u0131r\u0131lar\u0131na maruz kal\u0131yor.<\/p>\n<p>D\u0131\u015f g\u00fc\u00e7lerin patronajl\u0131\u011f\u0131ndaki ter\u00f6r \u00e7eteleri b\u00f6lge tarihi ve uygarl\u0131\u011f\u0131n\u0131 sabote etmekle birlikte tar\u0131mdan ve folklorik sanatlardan ge\u00e7inen b\u00f6lge ahalisi saflar\u0131nda da ter\u00f6r estiriyor.<\/p>\n<p>Ordu birliklerimiz ayr\u0131ca, kent k\u0131rsal\u0131n\u0131n Ayn el Baride, Derku\u015f, Zi\u2019beki, Korin, Nahle, Habbat, Tel Denit, Kefar Necd, Nahlaya ve Kara el Gazal K\u00f6ylerinde \u00e7ok say\u0131da ter\u00f6risti \u00f6ld\u00fcrd\u00fcklerini ara\u00e7lar\u0131n\u0131 da imha etti.<\/p>\n<p>\u0130dlib k\u0131rsal\u0131n\u0131n Rekaya Secne ve Abidin Beldelerinde \u00e7ok say\u0131da ter\u00f6rist \u00f6ld\u00fcr\u00fcld\u00fc i\u00e7indekilerle birlikte bir ka\u00e7 h\u00fccre de imha edildi.<br \/>\nAskeri kaynak, ordu birliklerimizin Ukeyrbat, Cene el Albavi, Vadi el Azm, me\u2019ud ve Latamne\u2019de \u00e7ok say\u0131da ter\u00f6risti \u00f6ld\u00fcrd\u00fcklerini h\u00fccrelerini de imha ettiklerini ifade etti.<\/p>\n<p><span style=\"color: #0000ff\">Dera ve K\u0131rsal\u0131nda Onlarca Tekfirci \u00d6ld\u00fcr\u00fcld\u00fc\u200f<\/span><\/p>\n<p>Ordu birliklerimiz Dera Kentinden 22 km uzakl\u0131kta d\u00fc\u015fen \u015eeyh Meskin Beldesi civar\u0131ndai Barka ve el Della beldelerinde ter\u00f6ristlerin yuva ve k\u00fcmelenme yerlerine ilaveten 3 ara\u00e7lar\u0131n\u0131 muhtevalar\u0131yla imha etti.<\/p>\n<p>Bu arada tarihin olduk\u00e7a eski ve muhtelif d\u00f6nemlerinden kalma tarihi eserlerle zengin olan \u015eeyh Meskin B\u00f6lgesi tekfirci ve \u00e7okuluslu ter\u00f6r \u00e7eteleri taraf\u0131ndan sistematik sald\u0131r\u0131lara maruz kalmaktad\u0131r.<\/p>\n<p>Kaynak, Dera kentinin 70 km kuzeybat\u0131s\u0131ndaki Deyr el Ades Beldesiyle Dera kuzey k\u0131rsal\u0131n\u0131n Tel Sukay\u2019,Tel Masih, Habbariye, Naime ve Tel Muri\u2019de onlarca ter\u00f6risti \u00f6l\u00fc ve yaral\u0131 d\u00fc\u015f\u00fcrd\u00fcklerini onlara ait h\u00fccreleri ve baz\u0131 ara\u00e7lar\u0131n\u0131 imha ettiklerini s\u00f6yledi.<\/p>\n<p>Bu arada ordu birliklerimiz Dera Beled Semti Suaylibe Su Deposu \u00e7evresinde baz\u0131 ter\u00f6ristleri \u00f6ld\u00fcrd\u00fc.<\/p>\n<p><span style=\"color: #0000ff\">Homs K\u0131rsal\u0131nda Ter\u00f6ristlerin S\u0131zma Giri\u015fimleri \u00c7\u00f6kertildi<\/span><\/p>\n<p>Askeri bir kaynak SANA\u2019ya a\u00e7\u0131klamas\u0131nda ordu birliklerimizin Homs k\u0131rsal\u0131 Ebu el Alaya K\u00f6y\u00fcne ter\u00f6ristlerin s\u0131zma giri\u015fimlerini \u00e7\u00f6kerttiklerini s\u00f6yledi.<\/p>\n<p>\u00d6te yandan ordu birliklerimiz Homs k\u0131rsal\u0131 Hesiye B\u00f6lgesinin Bat\u0131s\u0131na d\u00fc\u015fen ve ter\u00f6ristlerin L\u00fcbnan\u2019dan Suriye\u2019ye s\u0131zmada kulland\u0131klar\u0131n\u0131 Sukur Vadisinde bir\u00e7ok ter\u00f6risti \u00f6l\u00fc ve yaral\u0131 d\u00fc\u015f\u00fcrd\u00fc.<\/p>\n<p>Resten\u2019de Curcos Beldesine ilaveten Burak el Ne\u015fme, Kefar Laha, Hav\u015f el Talib b\u00f6lgeleri ve Kiysin \u2013 Kefar Nan karayolu \u00fczerinde ise ordu birliklerimiz \u00e7ok say\u0131da ter\u00f6risti \u00f6l\u00fc ve yaral\u0131 d\u00fc\u015f\u00fcrd\u00fc.<\/p>\n<p>Askeri kaynak, ordu birliklerimizin Homs Kentinin Bat\u0131 taraf\u0131na d\u00fc\u015fen ve ter\u00f6r \u00f6rg\u00fctlerinin yo\u011fun olarak bulunup on binlerce sivil vatanda\u015f\u0131 canl\u0131 kalkan olarak kulland\u0131klar\u0131 Vaer Semtinde el H\u0131rb Soka\u011f\u0131n\u0131n civar\u0131nda ter\u00f6ristlerin bir\u00e7ok toplanma yerlerini muhtevalar\u0131yla hedef ald\u0131klar\u0131n\u0131 belirtti.<\/p>\n<p>Ordu birliklerimiz ayr\u0131ca, Homs k\u0131rsal\u0131 el \u015eaer Petrol kuyusu \u00e7evresi, Cezel Petrol Kuyusu \u00c7evresi, Kuley\u2019a ve el Anibe Mezraas\u0131nda baz\u0131 ter\u00f6ristleri \u00f6ld\u00fcrd\u00fcklerini ellerinde bulunan silahlar\u0131 da imha ettiklerini s\u00f6yledi.<\/p>\n","protected":false},"excerpt":{"rendered":"<p>\u0130LLER \u2013 \u00dc\u00e7 y\u0131l\u0131 a\u015fk\u0131n bir s\u00fcredir \u00fclkenin d\u00f6rt bir yan\u0131nda ter\u00f6re kar\u015f\u0131 destans\u0131 bir m\u00fccadele sergileyen kahraman birliklerimiz; binlerce y\u0131l \u00f6ncesinden gelen uygarl\u0131k, vatanseverlik ve insanl\u0131k k\u00fclt\u00fcr\u00fcn\u00fcn k\u00f6k sald\u0131\u011f\u0131 \u015fanl\u0131 vatan topraklar\u0131n\u0131n ter\u00f6r ve destek\u00e7ileri i\u00e7in batakl\u0131k ve mezardan ba\u015fka bir \u015fey olamayaca\u011f\u0131n\u0131 kan\u0131tlamaya devam ediyorlar. Vatan Koruyucular\u0131m\u0131z\u0131n \u015eam K\u0131rsal\u0131nda Ba\u015far\u0131l\u0131 Operasyonlar\u0131 Devam Ediyor &hellip;<\/p>\n","protected":false},"author":1,"featured_media":15573,"comment_status":"closed","ping_status":"closed","sticky":false,"template":"","format":"standard","meta":{"footnotes":""},"categories":[575],"tags":[5762,3106,3161,5761,4740,5759,5757,5760,5758],"class_list":["post-15571","post","type-post","status-publish","format-standard","has-post-thumbnail","","category-olaylar-ve-gercekler","tag-6-terorist-de-yarali-dustu","tag-amiriye","tag-beni-zeyd","tag-eski-halep-ve-zehra-cemiyet-konutlari-bolgelerinde-onlarca-teroristi-olu-yarali-dusurduklerini-aktardi-ote-yandan-ordu-birliklerimizin-halep-kirsalinin-guneyinde-blas-kefar-biys-karayolu-uz","tag-esrefiye","tag-hazaliye","tag-kahramanlarimiz-tekfirci-ve-hain-terore-hezimet-ustune-hezimet-yasatiyorlar-iller-uc-yili-askin-bir-suredir-ulkenin-dort-bir-yaninda-terore-karsi-destansi-bir-mucadele-sergileyen-kahraman-bi","tag-ramusa","tag-vatanseverlik-ve-insanlik-kulturunun-kok-saldigi-sanli-vatan-topraklarinin-teror-ve-destekcileri-icin-bataklik-ve-mezardan-baska-bir-sey-olamayacagini-kanitlamaya-devam-ediyorlar-halep-ve-kirsalinda"],"_links":{"self":[{"href":"https:\/\/archive.sana.sy\/tr\/index.php?rest_route=\/wp\/v2\/posts\/15571","targetHints":{"allow":["GET"]}}],"collection":[{"href":"https:\/\/archive.sana.sy\/tr\/index.php?rest_route=\/wp\/v2\/posts"}],"about":[{"href":"https:\/\/archive.sana.sy\/tr\/index.php?rest_route=\/wp\/v2\/types\/post"}],"author":[{"embeddable":true,"href":"https:\/\/archive.sana.sy\/tr\/index.php?rest_route=\/wp\/v2\/users\/1"}],"replies":[{"embeddable":true,"href":"https:\/\/archive.sana.sy\/tr\/index.php?rest_route=%2Fwp%2Fv2%2Fcomments&post=15571"}],"version-history":[{"count":0,"href":"https:\/\/archive.sana.sy\/tr\/index.php?rest_route=\/wp\/v2\/posts\/15571\/revisions"}],"wp:featuredmedia":[{"embeddable":true,"href":"https:\/\/archive.sana.sy\/tr\/index.php?rest_route=\/wp\/v2\/media\/15573"}],"wp:attachment":[{"href":"https:\/\/archive.sana.sy\/tr\/index.php?rest_route=%2Fwp%2Fv2%2Fmedia&parent=15571"}],"wp:term":[{"taxonomy":"category","embeddable":true,"href":"https:\/\/archive.sana.sy\/tr\/index.php?rest_route=%2Fwp%2Fv2%2Fcategories&post=15571"},{"taxonomy":"post_tag","embeddable":true,"href":"https:\/\/archive.sana.sy\/tr\/index.php?rest_route=%2Fwp%2Fv2%2Ftags&post=15571"}],"curies":[{"name":"wp","href":"https:\/\/api.w.org\/{rel}","templated":true}]}}