{"id":155792,"date":"2018-07-28T09:00:08","date_gmt":"2018-07-28T06:00:08","guid":{"rendered":"https:\/\/www.sana.sy\/tr\/?p=155792"},"modified":"2018-07-29T14:14:49","modified_gmt":"2018-07-29T11:14:49","slug":"hallak-insani-durumlarin-siyasi-ticaretine-son-verilmelidir-video","status":"publish","type":"post","link":"https:\/\/archive.sana.sy\/tr\/?p=155792","title":{"rendered":"Hallak: \u0130nsani Durumlar\u0131n Siyasi Ticaretine Son Verilmelidir (video)"},"content":{"rendered":"<p>NEW YORK \u2013 Suriye&#8217;nin Birle\u015fmi\u015f Milletler Daimi Temsilci heyeti vekili Abdullah Hallak; Suriye ordusunun Suriye&#8217;de edat olarak kullan\u0131lan ve muhtelif isimler alt\u0131nda faaliyet g\u00f6steren ter\u00f6ristlere kar\u015f\u0131 sava\u015f\u0131n\u0131 azim ve kararl\u0131l\u0131kla s\u00fcrd\u00fcrd\u00fc\u011f\u00fcn\u00fc vurgular\u0131n, Suriye egemenli\u011fi ve topraklar\u0131n\u0131 ihlal eden t\u00fcm sald\u0131rgan g\u00fc\u00e7lerin mutlaka Suriye topraklar\u0131ndan \u00e7\u0131kacaklar\u0131n\u0131n alt\u0131n\u0131 \u00e7izdi.<\/p>\n<p>BM G\u00fcvenlik Konseyinin d\u00fcn Suriye&#8217;deki insani durumlara ili\u015fkin d\u00fczenledi\u011fi oturumda konu\u015fan Hallak; Suriye h\u00fck\u00fcmetinin istisnas\u0131z her kar\u0131\u015f topra\u011f\u0131nda ve istisnas\u0131z t\u00fcm vatanda\u015flar\u0131na gereken yard\u0131m ve deste\u011fi sa\u011flamakla birlikte onlara onurlu ve g\u00fcvenli bir ya\u015fam temin etme \u00f6zen ve \u00e7abalar\u0131n\u0131 vurgulad\u0131. Hallk Suriye&#8217;nin ayn\u0131 zamanda bu ba\u011flamda ciddi \u00e7abalarda bulunup BM misak\u0131 ve kararlar\u0131na uygun \u015fekilde hareket eden uluslar aras\u0131 kurum ve \u00f6rg\u00fctlerle de tam bir i\u015fbirli\u011fi i\u00e7inde oldu\u011funu belirtti.<\/p>\n<p>\u0130nsani durumlar\u0131n politikle\u015ftirilip siyasi ticaretinin yap\u0131lmamas\u0131 gere\u011finin bir kez daha alt\u0131n\u0131 \u00e7izen Hallak; Suriye&#8217;de k\u00f6t\u00fcle\u015fen insani durumlar\u0131n temel nedeninin bu durumlar\u0131n siyasi ticaretini yapan belli ba\u015fl\u0131 devletlerin destekleyip y\u00f6nlendirdikleri ter\u00f6r \u00f6rg\u00fctleri ve uygulad\u0131klar\u0131 yapt\u0131r\u0131mlar oldu\u011funa dikkat \u00e7ekti.<\/p>\n<p>Hallak Suriye&#8217;nin anayasa ve kanunlar\u0131n verdi\u011fi y\u00fck\u00fcml\u00fcl\u00fck ve sorumlulu\u011fu \u00e7er\u00e7evesinde ter\u00f6re kar\u015f\u0131 sava\u015ft\u0131\u011f\u0131n\u0131, bu sava\u015fta Suriye halk\u0131n\u0131n can ve mal g\u00fcvenli\u011fini sa\u011flamaya \u00e7al\u0131\u015ft\u0131\u011f\u0131n\u0131n alt\u0131n\u0131 \u00e7izerken, BM misak\u0131 ve uluslar aras\u0131 kanunlar\u0131n da bunu \u00f6ng\u00f6rd\u00fc\u011f\u00fcn\u00fc ifade etti.<\/p>\n<p>\u0130nsani durumlar\u0131 bahane edip Suriye&#8217;ye bask\u0131 ve dayatmalarda bulunan devletlerin destekledikleri ter\u00f6r \u00f6rg\u00fctlerinin bulundu\u011fu b\u00f6lgelerde ya\u015fanan insani durumlar ile Suriye ordusunun kurtard\u0131\u011f\u0131 b\u00f6lgelerde ya\u015fanan insani durumlara dikkat \u00e7eken Hallak; ter\u00f6ristlerin i\u015fverenlerinin talimatlar\u0131yla insani durumlar\u0131 daha da k\u00f6t\u00fcye s\u00fcr\u00fcklediklerine vurgu yapt\u0131. Hallak ter\u00f6rden kurtar\u0131lan b\u00f6lgelerde vatanda\u015flar\u0131n co\u015fkusu ve orduya te\u015fekk\u00fcr etkinliklerinin bunu kan\u0131tlad\u0131\u011f\u0131na i\u015faret etti.<\/p>\n<p>\u0130nsani durumlar\u0131n siyasi ticaretini yapanlar\u0131n as\u0131l ama\u00e7lar\u0131n\u0131n sivil insanlar de\u011fil de destekleyip edat olarak kulland\u0131klar\u0131 ter\u00f6r \u00f6rg\u00fctleri koruyup kollamak oldu\u011funu belirten Hallak; bir\u00e7ok b\u00f6lgede bu devletlerin sivilleri g\u00f6rmezden gelip az\u0131l\u0131 ter\u00f6ristleri kurtar\u0131p kollad\u0131klar\u0131na dikkat \u00e7ekti.<\/p>\n<p>Hallak Suriye&#8217;de insani durumlarla ilgilendiklerini iddia edenlerin ciddi olmalar\u0131 halinde radikal ter\u00f6re desteklerini kesmelerinin yan\u0131 s\u0131ra sadece ter\u00f6ristlerin de\u011fil, t\u00fcm Suriye halk\u0131n\u0131n insani durumlar\u0131n\u0131 dikkate al\u0131p bu ba\u011flamda yard\u0131m etmeleri gere\u011fini ifade etti.<\/p>\n<p>Suriye&#8217;nin BM Daimi temsilci heyeti vekili Hallak; Suriye&#8217;nin halk\u0131n\u0131n g\u00fcvenli\u011fini savunma, ter\u00f6rle m\u00fccadele etme ve vatan topraklar\u0131n\u0131n her kar\u0131\u015f\u0131n\u0131 ter\u00f6r ve destek\u00e7ilerinden temizleme azim ve kararl\u0131l\u0131\u011f\u0131n\u0131n bir kez daha alt\u0131n\u0131 \u00e7izdi.<\/p>\n<p>https:\/\/www.youtube.com\/watch?v=BiHlyTeZBpU<\/p>\n","protected":false},"excerpt":{"rendered":"<p>NEW YORK \u2013 Suriye&#8217;nin Birle\u015fmi\u015f Milletler Daimi Temsilci heyeti vekili Abdullah Hallak; Suriye ordusunun Suriye&#8217;de edat olarak kullan\u0131lan ve muhtelif isimler alt\u0131nda faaliyet g\u00f6steren ter\u00f6ristlere kar\u015f\u0131 sava\u015f\u0131n\u0131 azim ve kararl\u0131l\u0131kla s\u00fcrd\u00fcrd\u00fc\u011f\u00fcn\u00fc vurgular\u0131n, Suriye egemenli\u011fi ve topraklar\u0131n\u0131 ihlal eden t\u00fcm sald\u0131rgan g\u00fc\u00e7lerin mutlaka Suriye topraklar\u0131ndan \u00e7\u0131kacaklar\u0131n\u0131n alt\u0131n\u0131 \u00e7izdi. BM G\u00fcvenlik Konseyinin d\u00fcn Suriye&#8217;deki insani durumlara ili\u015fkin &hellip;<\/p>\n","protected":false},"author":1,"featured_media":155794,"comment_status":"closed","ping_status":"closed","sticky":false,"template":"","format":"standard","meta":{"footnotes":""},"categories":[458,459,17988],"tags":[18519,2755,16591,27532,22181],"class_list":["post-155792","post","type-post","status-publish","format-standard","has-post-thumbnail","","category-dunya1","category-haberler-arap-uluslararasi-politika","category-son-haberler","tag-insani-durumlar","tag-sam","tag-suriye","tag-suriye-devleti","tag-suriyeliler"],"_links":{"self":[{"href":"https:\/\/archive.sana.sy\/tr\/index.php?rest_route=\/wp\/v2\/posts\/155792","targetHints":{"allow":["GET"]}}],"collection":[{"href":"https:\/\/archive.sana.sy\/tr\/index.php?rest_route=\/wp\/v2\/posts"}],"about":[{"href":"https:\/\/archive.sana.sy\/tr\/index.php?rest_route=\/wp\/v2\/types\/post"}],"author":[{"embeddable":true,"href":"https:\/\/archive.sana.sy\/tr\/index.php?rest_route=\/wp\/v2\/users\/1"}],"replies":[{"embeddable":true,"href":"https:\/\/archive.sana.sy\/tr\/index.php?rest_route=%2Fwp%2Fv2%2Fcomments&post=155792"}],"version-history":[{"count":0,"href":"https:\/\/archive.sana.sy\/tr\/index.php?rest_route=\/wp\/v2\/posts\/155792\/revisions"}],"wp:featuredmedia":[{"embeddable":true,"href":"https:\/\/archive.sana.sy\/tr\/index.php?rest_route=\/wp\/v2\/media\/155794"}],"wp:attachment":[{"href":"https:\/\/archive.sana.sy\/tr\/index.php?rest_route=%2Fwp%2Fv2%2Fmedia&parent=155792"}],"wp:term":[{"taxonomy":"category","embeddable":true,"href":"https:\/\/archive.sana.sy\/tr\/index.php?rest_route=%2Fwp%2Fv2%2Fcategories&post=155792"},{"taxonomy":"post_tag","embeddable":true,"href":"https:\/\/archive.sana.sy\/tr\/index.php?rest_route=%2Fwp%2Fv2%2Ftags&post=155792"}],"curies":[{"name":"wp","href":"https:\/\/api.w.org\/{rel}","templated":true}]}}