{"id":155865,"date":"2018-07-28T10:30:23","date_gmt":"2018-07-28T07:30:23","guid":{"rendered":"https:\/\/www.sana.sy\/tr\/?p=155865"},"modified":"2018-07-29T14:14:43","modified_gmt":"2018-07-29T11:14:43","slug":"uluslararasi-onemli-maclarinda-guzel-basarilar-bekleniyor","status":"publish","type":"post","link":"https:\/\/archive.sana.sy\/tr\/?p=155865","title":{"rendered":"Uluslararas\u0131 \u00d6nemli Ma\u00e7lar\u0131nda G\u00fczel Ba\u015far\u0131lar Bekleniyor"},"content":{"rendered":"<p>\u015eAM \u2013 \u0130ran\u2019\u0131n ev sahipli\u011finde yap\u0131lacak Bat\u0131 Asya \u015eampiyonas\u0131 ve ard\u0131ndan da Tayland\u2019da yap\u0131lacak Asya \u015eampiyonas\u0131na kat\u0131lacak 15-18 ya\u015f aras\u0131 milli basketbol tak\u0131m\u0131m\u0131z\u0131n bu uluslar aras\u0131 ma\u00e7larda \u00f6nemli ba\u015far\u0131lar kaydetmesi umuluyor.<\/p>\n<p>Milli tak\u0131m\u0131m\u0131z \u0130ran\u2019da yar\u0131n ba\u015flayacak Bat\u0131 Asya \u015eampiyonas\u0131nda \u00f6nce \u00dcrd\u00fcn, sonra L\u00fcbnan, Irak ve son olarak da \u0130ran ile bir araya gelecek.<\/p>\n<p>Milli tak\u0131m\u0131m\u0131z Bat\u0131 Asya \u015eampiyonas\u0131nda \u00f6nce Beyrut\u2019ta sonra da \u015eam\u2019da girdi\u011fi e\u011fitim kamplar\u0131yla haz\u0131rlanm\u0131\u015ft\u0131.<\/p>\n<p>Tak\u0131m Antren\u00f6r\u00fc \u0130yyad Abd\u00fclhay tak\u0131m kadrosunu a\u00e7\u0131klarken, Bat\u0131 Asya \u015eampiyonas\u0131nda g\u00fczel sonu\u00e7lar kaydedilmesini umdu\u011funu ifade etti.<\/p>\n","protected":false},"excerpt":{"rendered":"<p>\u015eAM \u2013 \u0130ran\u2019\u0131n ev sahipli\u011finde yap\u0131lacak Bat\u0131 Asya \u015eampiyonas\u0131 ve ard\u0131ndan da Tayland\u2019da yap\u0131lacak Asya \u015eampiyonas\u0131na kat\u0131lacak 15-18 ya\u015f aras\u0131 milli basketbol tak\u0131m\u0131m\u0131z\u0131n bu uluslar aras\u0131 ma\u00e7larda \u00f6nemli ba\u015far\u0131lar kaydetmesi umuluyor. Milli tak\u0131m\u0131m\u0131z \u0130ran\u2019da yar\u0131n ba\u015flayacak Bat\u0131 Asya \u015eampiyonas\u0131nda \u00f6nce \u00dcrd\u00fcn, sonra L\u00fcbnan, Irak ve son olarak da \u0130ran ile bir araya gelecek. Milli tak\u0131m\u0131m\u0131z &hellip;<\/p>\n","protected":false},"author":1,"featured_media":155866,"comment_status":"closed","ping_status":"closed","sticky":false,"template":"","format":"standard","meta":{"footnotes":""},"categories":[498,479,17988,496,478],"tags":[36106,1978,3915,7321,37045,7131,5615],"class_list":["post-155865","post","type-post","status-publish","format-standard","has-post-thumbnail","","category-dunya-turnuvalari","category-haberler-yerel","category-son-haberler","category-spor","category-yerel","tag-asya-sampiyonasi","tag-irak","tag-iran","tag-lubnan","tag-milli-basketbol-takimimiz","tag-tayland","tag-urdun"],"_links":{"self":[{"href":"https:\/\/archive.sana.sy\/tr\/index.php?rest_route=\/wp\/v2\/posts\/155865","targetHints":{"allow":["GET"]}}],"collection":[{"href":"https:\/\/archive.sana.sy\/tr\/index.php?rest_route=\/wp\/v2\/posts"}],"about":[{"href":"https:\/\/archive.sana.sy\/tr\/index.php?rest_route=\/wp\/v2\/types\/post"}],"author":[{"embeddable":true,"href":"https:\/\/archive.sana.sy\/tr\/index.php?rest_route=\/wp\/v2\/users\/1"}],"replies":[{"embeddable":true,"href":"https:\/\/archive.sana.sy\/tr\/index.php?rest_route=%2Fwp%2Fv2%2Fcomments&post=155865"}],"version-history":[{"count":0,"href":"https:\/\/archive.sana.sy\/tr\/index.php?rest_route=\/wp\/v2\/posts\/155865\/revisions"}],"wp:featuredmedia":[{"embeddable":true,"href":"https:\/\/archive.sana.sy\/tr\/index.php?rest_route=\/wp\/v2\/media\/155866"}],"wp:attachment":[{"href":"https:\/\/archive.sana.sy\/tr\/index.php?rest_route=%2Fwp%2Fv2%2Fmedia&parent=155865"}],"wp:term":[{"taxonomy":"category","embeddable":true,"href":"https:\/\/archive.sana.sy\/tr\/index.php?rest_route=%2Fwp%2Fv2%2Fcategories&post=155865"},{"taxonomy":"post_tag","embeddable":true,"href":"https:\/\/archive.sana.sy\/tr\/index.php?rest_route=%2Fwp%2Fv2%2Ftags&post=155865"}],"curies":[{"name":"wp","href":"https:\/\/api.w.org\/{rel}","templated":true}]}}