{"id":15596,"date":"2014-11-15T22:12:09","date_gmt":"2014-11-15T20:12:09","guid":{"rendered":"http:\/\/www.sana.sy\/tr\/?p=15596"},"modified":"2014-11-16T23:12:29","modified_gmt":"2014-11-16T21:12:29","slug":"eyyup-vatan-savunmasi-gorevi-kutsal-bir-degerdir","status":"publish","type":"post","link":"https:\/\/archive.sana.sy\/tr\/?p=15596","title":{"rendered":"Eyy\u00fcp: Vatan Savunmas\u0131 G\u00f6revi Kutsal Bir De\u011ferdir"},"content":{"rendered":"<p>HOMS \u2013 Genelkurmay Ba\u015fkan\u0131 Korgeneral Ali Abdullah Eyy\u00fcp bug\u00fcn bir grup subayla birlikte Homs K\u0131rsal\u0131n\u0131n Cebel el \u015eear b\u00f6lgesinde g\u00f6rev yapmakta olan askeri birlikleri ziyaret ederek b\u00f6lge komutanlar\u0131ndan ordu birliklerimizin s\u00fcrd\u00fcrd\u00fckleri g\u00f6revleri ve ter\u00f6re kar\u015f\u0131 operasyonlar\u0131na ili\u015fkin ayr\u0131nt\u0131l\u0131 anlat\u0131mlar dinledi.<\/p>\n<p>Kahraman ordu birliklerimiz ve halk savunma birliklerimizin ter\u00f6re kar\u015f\u0131 m\u00fccadelede sergiledikleri kahramanl\u0131k ve fedakarl\u0131klar\u0131 \u00f6vg\u00fcyle dillendiren Korgeneral Eyy\u00fcp; vatan savunmas\u0131 yolunda uygulanan g\u00f6revlerin kutsal bir de\u011fer te\u015fkil etti\u011fini belirtti.<\/p>\n<p>\u00d6te yandan vatan\u0131 savunmaya her zaman haz\u0131r olduklar\u0131n\u0131 ifade eden kahraman birliklerimizin halk ve iktidar\u0131yla vatan\u0131n iradesini temsil etmekten b\u00fcy\u00fck bir onur duyduklar\u0131n\u0131 ve vatan\u0131 savunma g\u00f6revlerine d\u00fc\u015fmana kar\u015f\u0131 kazan\u0131lacak mutlak zafere kadar devam edeceklerini vurgulad\u0131lar.<\/p>\n<div id='gallery-1' class='gallery galleryid-15596 gallery-columns-3 gallery-size-thumbnail'><figure class='gallery-item'>\n\t\t\t<div class='gallery-icon landscape'>\n\t\t\t\t<a href='https:\/\/archive.sana.sy\/tr\/wp-content\/uploads\/2014\/11\/genelkurmay-ba\u015fkan\u0131-2.jpg'><img loading=\"lazy\" decoding=\"async\" width=\"150\" height=\"94\" src=\"https:\/\/archive.sana.sy\/tr\/wp-content\/uploads\/2014\/11\/genelkurmay-ba\u015fkan\u0131-2-150x94.jpg\" class=\"attachment-thumbnail size-thumbnail\" alt=\"\" srcset=\"https:\/\/archive.sana.sy\/tr\/wp-content\/uploads\/2014\/11\/genelkurmay-ba\u015fkan\u0131-2-150x94.jpg 150w, https:\/\/archive.sana.sy\/tr\/wp-content\/uploads\/2014\/11\/genelkurmay-ba\u015fkan\u0131-2-300x189.jpg 300w, https:\/\/archive.sana.sy\/tr\/wp-content\/uploads\/2014\/11\/genelkurmay-ba\u015fkan\u0131-2.jpg 321w\" sizes=\"auto, (max-width: 150px) 100vw, 150px\" \/><\/a>\n\t\t\t<\/div><\/figure><figure class='gallery-item'>\n\t\t\t<div class='gallery-icon landscape'>\n\t\t\t\t<a href='https:\/\/archive.sana.sy\/tr\/wp-content\/uploads\/2014\/11\/genelkurmay-ba\u015fkan\u0131-3.jpg'><img loading=\"lazy\" decoding=\"async\" width=\"150\" height=\"96\" src=\"https:\/\/archive.sana.sy\/tr\/wp-content\/uploads\/2014\/11\/genelkurmay-ba\u015fkan\u0131-3-150x96.jpg\" class=\"attachment-thumbnail size-thumbnail\" alt=\"\" srcset=\"https:\/\/archive.sana.sy\/tr\/wp-content\/uploads\/2014\/11\/genelkurmay-ba\u015fkan\u0131-3-150x96.jpg 150w, https:\/\/archive.sana.sy\/tr\/wp-content\/uploads\/2014\/11\/genelkurmay-ba\u015fkan\u0131-3-300x193.jpg 300w, https:\/\/archive.sana.sy\/tr\/wp-content\/uploads\/2014\/11\/genelkurmay-ba\u015fkan\u0131-3-1024x659.jpg 1024w\" sizes=\"auto, (max-width: 150px) 100vw, 150px\" \/><\/a>\n\t\t\t<\/div><\/figure><figure class='gallery-item'>\n\t\t\t<div class='gallery-icon landscape'>\n\t\t\t\t<a href='https:\/\/archive.sana.sy\/tr\/wp-content\/uploads\/2014\/11\/genelkurmay-ba\u015fkan\u0131-4.jpg'><img loading=\"lazy\" decoding=\"async\" width=\"150\" height=\"93\" src=\"https:\/\/archive.sana.sy\/tr\/wp-content\/uploads\/2014\/11\/genelkurmay-ba\u015fkan\u0131-4-150x93.jpg\" class=\"attachment-thumbnail size-thumbnail\" alt=\"\" srcset=\"https:\/\/archive.sana.sy\/tr\/wp-content\/uploads\/2014\/11\/genelkurmay-ba\u015fkan\u0131-4-150x93.jpg 150w, https:\/\/archive.sana.sy\/tr\/wp-content\/uploads\/2014\/11\/genelkurmay-ba\u015fkan\u0131-4-300x187.jpg 300w, https:\/\/archive.sana.sy\/tr\/wp-content\/uploads\/2014\/11\/genelkurmay-ba\u015fkan\u0131-4-1024x638.jpg 1024w\" sizes=\"auto, (max-width: 150px) 100vw, 150px\" \/><\/a>\n\t\t\t<\/div><\/figure><figure class='gallery-item'>\n\t\t\t<div class='gallery-icon landscape'>\n\t\t\t\t<a href='https:\/\/archive.sana.sy\/tr\/wp-content\/uploads\/2014\/11\/genelkurmay-ba\u015fkan\u0131-6.jpg'><img loading=\"lazy\" decoding=\"async\" width=\"150\" height=\"95\" src=\"https:\/\/archive.sana.sy\/tr\/wp-content\/uploads\/2014\/11\/genelkurmay-ba\u015fkan\u0131-6-150x95.jpg\" class=\"attachment-thumbnail size-thumbnail\" alt=\"\" srcset=\"https:\/\/archive.sana.sy\/tr\/wp-content\/uploads\/2014\/11\/genelkurmay-ba\u015fkan\u0131-6-150x95.jpg 150w, https:\/\/archive.sana.sy\/tr\/wp-content\/uploads\/2014\/11\/genelkurmay-ba\u015fkan\u0131-6-300x190.jpg 300w, https:\/\/archive.sana.sy\/tr\/wp-content\/uploads\/2014\/11\/genelkurmay-ba\u015fkan\u0131-6-1024x648.jpg 1024w\" sizes=\"auto, (max-width: 150px) 100vw, 150px\" \/><\/a>\n\t\t\t<\/div><\/figure><figure class='gallery-item'>\n\t\t\t<div class='gallery-icon landscape'>\n\t\t\t\t<a href='https:\/\/archive.sana.sy\/tr\/wp-content\/uploads\/2014\/11\/genelkurmay-ba\u015fkan\u0131-5.jpg'><img loading=\"lazy\" decoding=\"async\" width=\"150\" height=\"95\" src=\"https:\/\/archive.sana.sy\/tr\/wp-content\/uploads\/2014\/11\/genelkurmay-ba\u015fkan\u0131-5-150x95.jpg\" class=\"attachment-thumbnail size-thumbnail\" alt=\"\" srcset=\"https:\/\/archive.sana.sy\/tr\/wp-content\/uploads\/2014\/11\/genelkurmay-ba\u015fkan\u0131-5-150x95.jpg 150w, https:\/\/archive.sana.sy\/tr\/wp-content\/uploads\/2014\/11\/genelkurmay-ba\u015fkan\u0131-5-300x190.jpg 300w, https:\/\/archive.sana.sy\/tr\/wp-content\/uploads\/2014\/11\/genelkurmay-ba\u015fkan\u0131-5-1024x648.jpg 1024w\" sizes=\"auto, (max-width: 150px) 100vw, 150px\" \/><\/a>\n\t\t\t<\/div><\/figure>\n\t\t<\/div>\n\n","protected":false},"excerpt":{"rendered":"<p>HOMS \u2013 Genelkurmay Ba\u015fkan\u0131 Korgeneral Ali Abdullah Eyy\u00fcp bug\u00fcn bir grup subayla birlikte Homs K\u0131rsal\u0131n\u0131n Cebel el \u015eear b\u00f6lgesinde g\u00f6rev yapmakta olan askeri birlikleri ziyaret ederek b\u00f6lge komutanlar\u0131ndan ordu birliklerimizin s\u00fcrd\u00fcrd\u00fckleri g\u00f6revleri ve ter\u00f6re kar\u015f\u0131 operasyonlar\u0131na ili\u015fkin ayr\u0131nt\u0131l\u0131 anlat\u0131mlar dinledi. Kahraman ordu birliklerimiz ve halk savunma birliklerimizin ter\u00f6re kar\u015f\u0131 m\u00fccadelede sergiledikleri kahramanl\u0131k ve fedakarl\u0131klar\u0131 \u00f6vg\u00fcyle &hellip;<\/p>\n","protected":false},"author":1,"featured_media":15597,"comment_status":"closed","ping_status":"closed","sticky":false,"template":"","format":"standard","meta":{"footnotes":""},"categories":[479,575,478],"tags":[5774],"class_list":["post-15596","post","type-post","status-publish","format-standard","has-post-thumbnail","","category-haberler-yerel","category-olaylar-ve-gercekler","category-yerel","tag-eyyup-vatan-savunmasi-gorevi-kutsal-bir-degerdir-homs-genelkurmay-baskani-korgeneral-ali-abdullah-eyyup-bugun-bir-grup-subayla-birlikte-homs-kirsalinin-cebel-el-sear-bolgesinde-gorev-yapmak"],"_links":{"self":[{"href":"https:\/\/archive.sana.sy\/tr\/index.php?rest_route=\/wp\/v2\/posts\/15596","targetHints":{"allow":["GET"]}}],"collection":[{"href":"https:\/\/archive.sana.sy\/tr\/index.php?rest_route=\/wp\/v2\/posts"}],"about":[{"href":"https:\/\/archive.sana.sy\/tr\/index.php?rest_route=\/wp\/v2\/types\/post"}],"author":[{"embeddable":true,"href":"https:\/\/archive.sana.sy\/tr\/index.php?rest_route=\/wp\/v2\/users\/1"}],"replies":[{"embeddable":true,"href":"https:\/\/archive.sana.sy\/tr\/index.php?rest_route=%2Fwp%2Fv2%2Fcomments&post=15596"}],"version-history":[{"count":0,"href":"https:\/\/archive.sana.sy\/tr\/index.php?rest_route=\/wp\/v2\/posts\/15596\/revisions"}],"wp:featuredmedia":[{"embeddable":true,"href":"https:\/\/archive.sana.sy\/tr\/index.php?rest_route=\/wp\/v2\/media\/15597"}],"wp:attachment":[{"href":"https:\/\/archive.sana.sy\/tr\/index.php?rest_route=%2Fwp%2Fv2%2Fmedia&parent=15596"}],"wp:term":[{"taxonomy":"category","embeddable":true,"href":"https:\/\/archive.sana.sy\/tr\/index.php?rest_route=%2Fwp%2Fv2%2Fcategories&post=15596"},{"taxonomy":"post_tag","embeddable":true,"href":"https:\/\/archive.sana.sy\/tr\/index.php?rest_route=%2Fwp%2Fv2%2Ftags&post=15596"}],"curies":[{"name":"wp","href":"https:\/\/api.w.org\/{rel}","templated":true}]}}