{"id":156212,"date":"2018-07-31T20:34:49","date_gmt":"2018-07-31T17:34:49","guid":{"rendered":"https:\/\/www.sana.sy\/tr\/?p=156212"},"modified":"2018-08-01T11:18:56","modified_gmt":"2018-08-01T08:18:56","slug":"caferi-gorusmelerin-bitiminde-basin-konferansi-duzenledi","status":"publish","type":"post","link":"https:\/\/archive.sana.sy\/tr\/?p=156212","title":{"rendered":"Caferi G\u00f6r\u00fc\u015fmelerin Bitiminde Bas\u0131n Konferans\u0131 D\u00fczenledi"},"content":{"rendered":"<p>SO\u00c7\u0130 \u2013 So\u00e7i\u2019de yap\u0131lan Suriye konulu Astana g\u00f6r\u00fc\u015fmelerinin 10. turunda Suriye heyeti ba\u015fkan\u0131 Be\u015f\u015far el Caferi g\u00f6r\u00fc\u015fmelerin bitiminde bas\u0131na a\u00e7\u0131klama yapt\u0131.<\/p>\n<p>So\u00e7i\u2019de d\u00fczenledi\u011fi bas\u0131n konferans\u0131nda Caferi; Suriye ordusunun G\u00fcney Cephesinde radikal ter\u00f6re kar\u015f\u0131 sa\u011flad\u0131\u011f\u0131 belirleyici zaferler ve bir k\u0131s\u0131m az\u0131l\u0131 ter\u00f6ristlerin \u0130srail \u00fczerinden \u00dcrd\u00fcn\u2019e ve oradan da Bat\u0131 devletlerine ka\u00e7malar\u0131yla durumlar\u0131n umut verici oldu\u011funu ifade etti.<\/p>\n<p>\u0130srail&#8217;in az\u0131l\u0131 radikal ter\u00f6ristleri Suriye&#8217;den ka\u00e7\u0131r\u0131p Bat\u0131 \u00fclkelerine g\u00f6ndermesi skandal\u0131na dikkat \u00e7eken Caferi; S\u00fcveyda Kenti ve k\u0131rsal\u0131nda bir\u00e7ok k\u00f6ye sald\u0131r\u0131p sivillere kar\u015f\u0131 katliamlar i\u015fleyen I\u015e\u015e\u0130D\u2019li ter\u00f6ristlerin de ABD g\u00fc\u00e7lerinin gayr\u0131 me\u015fru olarak bulunduklar\u0131 Tenf B\u00f6lgesi yak\u0131nlar\u0131ndan hareket ettiklerine vurgu yapt\u0131.<\/p>\n<p>Caferi Suriye&#8217;nin ABD ve t\u00fcm m\u00fcttefiklerinden Suriye topraklar\u0131n\u0131n tamam\u0131ndan kay\u0131ts\u0131z \u015farts\u0131z \u00e7ekilmesini talep etti\u011fini vurgularken, bu g\u00fc\u00e7lerin uluslar aras\u0131 kanunlar ve kararlar\u0131n yan\u0131 s\u0131ra BM misak\u0131na ayk\u0131r\u0131 olarak bulunduklar\u0131n\u0131, radikal ter\u00f6re kar\u015f\u0131 sava\u015f\u0131 da engellediklerinin alt\u0131n\u0131 \u00e7izdi.<\/p>\n<p>\u0130srail&#8217;in Suriye&#8217;nin g\u00fcneyinde, T\u00fcrkiye&#8217;nin kuzeyde bulundu\u011fu ihlallerin ayn\u0131s\u0131nda bulundu\u011funu belirten Caferi; bu g\u00f6r\u00fc\u015fmelerin bitiminde ilan edilen beyan\u0131n da bir kez daha Suriye&#8217;nin egemenli\u011fi, toprak b\u00fct\u00fcnl\u00fc\u011f\u00fcn\u00fc ve ba\u011f\u0131ms\u0131zl\u0131\u011f\u0131na sayg\u0131n\u0131n gere\u011fini vurgulad\u0131\u011f\u0131na dikkat \u00e7ekti.<\/p>\n<p>Suriye heyeti ba\u015fkan\u0131 Caferi; T\u00fcrkiye otoritelerinin \u0130dlib\u2019te gerilimi azaltma anla\u015fmas\u0131nda \u00fcst\u00fcne d\u00fc\u015fen sorumlulu\u011fa ba\u011fl\u0131l\u0131k g\u00f6stermedi\u011finin alt\u0131n\u0131 \u00e7izdi.<\/p>\n<p>T\u00fcrkiye y\u00f6netiminin gerilimi azaltma anla\u015fmas\u0131na ayk\u0131r\u0131 bir \u015fekilde \u0130dlib\u2019e a\u011f\u0131r silahlarla donat\u0131lm\u0131\u015f askeri g\u00fc\u00e7 g\u00f6nderdi\u011fine dikkat \u00e7eken Caferi; bunun anla\u015fmaya ayk\u0131r\u0131 oldu\u011funu ifade etti.<\/p>\n<p>Caferi T\u00fcrkiye y\u00f6netiminin ayn\u0131 zamanda Halep k\u0131rsal\u0131nda Afrin Kentine sald\u0131r\u0131p kent sakinlerini tehcir etti\u011finin de alt\u0131n\u0131 \u00e7izdi.<\/p>\n<p>T\u00fcrkiye y\u00f6netiminin Suriye&#8217;ye sald\u0131r\u0131 ve i\u015fgalle yetinmedi\u011fini ifade eden Caferi; i\u015fgal etti\u011fi b\u00f6lgelerde \u0130srail\u2019in Golan\u2019da yapt\u0131\u011f\u0131 gibi Suriyelilerin kimliklerini T\u00fcrk kimlikleri ile de\u011fi\u015ftirdi\u011fini, uluslar aras\u0131 kanunlar ve kararlara a\u00e7\u0131k bir ihlalde bulundu\u011funun alt\u0131n\u0131 \u00e7izdi.<\/p>\n<p>Caferi T\u00fcrkiye y\u00f6netiminin Cerablus Kentinde sanayi b\u00f6lgesi kurdu\u011funa dikkat \u00e7ekerken, Astana g\u00f6r\u00fc\u015fmeleri ve uluslar aras\u0131 platformlarda Suriye&#8217;nin egemenli\u011fi ve toprak b\u00fct\u00fcnl\u00fc\u011f\u00fcne ba\u015fl\u0131 oldu\u011fu iddialar\u0131n\u0131n nifaktan ibaret oldu\u011funa vurgu yapt\u0131.<\/p>\n<p>Astana g\u00f6r\u00fc\u015fmelerinin 10. turunda \u00f6nemli ve ba\u015far\u0131l\u0131 sonu\u00e7lar kaydedildi\u011fini ifade eden Caferi; ter\u00f6r ve sava\u015f ko\u015fullar\u0131 nedeniyle tehcir edilen Suriyelilerin vatanlar\u0131na geri d\u00f6n\u00fc\u015fleri i\u00e7in \u00f6nemli d\u00fc\u015f\u00fcnceler \u00f6ne koyuldu\u011funu ifade etti.<\/p>\n<p>Caferi Astana g\u00f6r\u00fc\u015fmelerinin bu turunda kay\u0131p ve ka\u00e7\u0131r\u0131lm\u0131\u015f vatanda\u015flar\u0131n dosyas\u0131nda da \u00f6nemli ilerlemeler kaydedildi\u011fine dikkat \u00e7ekti.<\/p>\n<p>Caferi Suriyelilerin vatanlar\u0131na geri d\u00f6n\u00fc\u015flerindeki temel engelin ABD ve m\u00fcttefiklerinin Suriye ve halk\u0131na kar\u015f\u0131 uygulad\u0131klar\u0131 kanunsuz yapt\u0131r\u0131mlar oldu\u011funun alt\u0131n\u0131 \u00e7izerken, Suriye&#8217;nin bu yapt\u0131r\u0131mlar\u0131n kald\u0131r\u0131lmas\u0131 talebini bir kez daha kaydetti.<\/p>\n","protected":false},"excerpt":{"rendered":"<p>SO\u00c7\u0130 \u2013 So\u00e7i\u2019de yap\u0131lan Suriye konulu Astana g\u00f6r\u00fc\u015fmelerinin 10. turunda Suriye heyeti ba\u015fkan\u0131 Be\u015f\u015far el Caferi g\u00f6r\u00fc\u015fmelerin bitiminde bas\u0131na a\u00e7\u0131klama yapt\u0131. So\u00e7i\u2019de d\u00fczenledi\u011fi bas\u0131n konferans\u0131nda Caferi; Suriye ordusunun G\u00fcney Cephesinde radikal ter\u00f6re kar\u015f\u0131 sa\u011flad\u0131\u011f\u0131 belirleyici zaferler ve bir k\u0131s\u0131m az\u0131l\u0131 ter\u00f6ristlerin \u0130srail \u00fczerinden \u00dcrd\u00fcn\u2019e ve oradan da Bat\u0131 devletlerine ka\u00e7malar\u0131yla durumlar\u0131n umut verici oldu\u011funu ifade &hellip;<\/p>\n","protected":false},"author":1,"featured_media":156227,"comment_status":"closed","ping_status":"closed","sticky":false,"template":"","format":"standard","meta":{"footnotes":""},"categories":[458,459,17988,2554,2555],"tags":[37090,18867,37091,5614,33373,16591,2442,2930,5615],"class_list":["post-156212","post","type-post","status-publish","format-standard","has-post-thumbnail","","category-dunya1","category-haberler-arap-uluslararasi-politika","category-son-haberler","category-suriye-ve-dunya","category-suriye-ve-turkiye","tag-astana-gorusmelerinin-10-turun","tag-bessar-el-caferi","tag-guney-cephesi","tag-israil","tag-soci","tag-suriye","tag-teror","tag-teroristler","tag-urdun"],"_links":{"self":[{"href":"https:\/\/archive.sana.sy\/tr\/index.php?rest_route=\/wp\/v2\/posts\/156212","targetHints":{"allow":["GET"]}}],"collection":[{"href":"https:\/\/archive.sana.sy\/tr\/index.php?rest_route=\/wp\/v2\/posts"}],"about":[{"href":"https:\/\/archive.sana.sy\/tr\/index.php?rest_route=\/wp\/v2\/types\/post"}],"author":[{"embeddable":true,"href":"https:\/\/archive.sana.sy\/tr\/index.php?rest_route=\/wp\/v2\/users\/1"}],"replies":[{"embeddable":true,"href":"https:\/\/archive.sana.sy\/tr\/index.php?rest_route=%2Fwp%2Fv2%2Fcomments&post=156212"}],"version-history":[{"count":0,"href":"https:\/\/archive.sana.sy\/tr\/index.php?rest_route=\/wp\/v2\/posts\/156212\/revisions"}],"wp:featuredmedia":[{"embeddable":true,"href":"https:\/\/archive.sana.sy\/tr\/index.php?rest_route=\/wp\/v2\/media\/156227"}],"wp:attachment":[{"href":"https:\/\/archive.sana.sy\/tr\/index.php?rest_route=%2Fwp%2Fv2%2Fmedia&parent=156212"}],"wp:term":[{"taxonomy":"category","embeddable":true,"href":"https:\/\/archive.sana.sy\/tr\/index.php?rest_route=%2Fwp%2Fv2%2Fcategories&post=156212"},{"taxonomy":"post_tag","embeddable":true,"href":"https:\/\/archive.sana.sy\/tr\/index.php?rest_route=%2Fwp%2Fv2%2Ftags&post=156212"}],"curies":[{"name":"wp","href":"https:\/\/api.w.org\/{rel}","templated":true}]}}