{"id":15622,"date":"2014-11-16T09:38:48","date_gmt":"2014-11-16T07:38:48","guid":{"rendered":"http:\/\/www.sana.sy\/tr\/?p=15622"},"modified":"2014-11-16T09:38:48","modified_gmt":"2014-11-16T07:38:48","slug":"suriyede-teroristlere-katilma-hazirliginda-olan-teror-agindan-fertler-tutuklandi","status":"publish","type":"post","link":"https:\/\/archive.sana.sy\/tr\/?p=15622","title":{"rendered":"Suriye\u2019de Ter\u00f6ristlere Kat\u0131lma Haz\u0131rl\u0131\u011f\u0131nda Olan Ter\u00f6r A\u011f\u0131ndan Fertler Tutukland\u0131"},"content":{"rendered":"<p>TUNUS \u2013 Baja Kentinde Tunus Ulusal Koruma B\u00f6lgesine ba\u011fl\u0131 Uzman T\u00fcmeni, I\u015e\u0130D ter\u00f6r \u00f6rg\u00fct\u00fc saflar\u0131na kat\u0131lmak i\u00e7in Suriye\u2019ye yolculuk etme haz\u0131rl\u0131\u011f\u0131 yapan 4 ki\u015fiyi tutuklad\u0131.<\/p>\n<p>Tunuslu el \u015euruk gazetesi bug\u00fcnk\u00fc say\u0131s\u0131nda, s\u00f6z konusu 4 \u015fahs\u0131n ba\u015fkent Tunus\u2019taki Uveyna K\u0131\u015flas\u0131 Ter\u00f6rle M\u00fccadele Merkezi T\u00fcmenine havale edildiklerini s\u00f6yledi.<\/p>\n<p>Tunsu Ba\u015fbakan\u0131 Mehdi Cuma son olarak, Suriye\u2019de ter\u00f6r \u00f6rg\u00fctleri saflar\u0131nda sava\u015fan Tunuslular\u0131n say\u0131s\u0131n\u0131 yakla\u015f\u0131k 3 bin olarak tahmin etmi\u015f, bunlardan sadece bir ka\u00e7 y\u00fcz\u00fcn\u00fcn Tunus\u2019 d\u00f6nd\u00fcklerini, izlenerek tutukland\u0131klar\u0131n\u0131 ifade etmi\u015fti.<\/p>\n","protected":false},"excerpt":{"rendered":"<p>TUNUS \u2013 Baja Kentinde Tunus Ulusal Koruma B\u00f6lgesine ba\u011fl\u0131 Uzman T\u00fcmeni, I\u015e\u0130D ter\u00f6r \u00f6rg\u00fct\u00fc saflar\u0131na kat\u0131lmak i\u00e7in Suriye\u2019ye yolculuk etme haz\u0131rl\u0131\u011f\u0131 yapan 4 ki\u015fiyi tutuklad\u0131. Tunuslu el \u015euruk gazetesi bug\u00fcnk\u00fc say\u0131s\u0131nda, s\u00f6z konusu 4 \u015fahs\u0131n ba\u015fkent Tunus\u2019taki Uveyna K\u0131\u015flas\u0131 Ter\u00f6rle M\u00fccadele Merkezi T\u00fcmenine havale edildiklerini s\u00f6yledi. Tunsu Ba\u015fbakan\u0131 Mehdi Cuma son olarak, Suriye\u2019de ter\u00f6r \u00f6rg\u00fctleri &hellip;<\/p>\n","protected":false},"author":1,"featured_media":15623,"comment_status":"closed","ping_status":"closed","sticky":false,"template":"","format":"standard","meta":{"footnotes":""},"categories":[556,560],"tags":[5804,5801,5805,5802,5803,5800],"class_list":["post-15622","post","type-post","status-publish","format-standard","has-post-thumbnail","","category-basin","category-secme-makaleler","tag-bunlardan-sadece-bir-kac-yuzunun-tunus-donduklerini","tag-isid-teror-orgutu-saflarina-katilmak-icin-suriyeye-yolculuk-etme-hazirligi-yapan-4-kisiyi-tutukladi-tunuslu-el-suruk-gazetesi-bugunku-sayisinda","tag-izlenerek-tutuklandiklarini-ifade-etmisti","tag-soz-konusu-4-sahsin-baskent-tunustaki-uveyna-kislasi-terorle-mucadele-merkezi-tumenine-havale-edildiklerini-soyledi-tunsu-basbakani-mehdi-cuma-son-olarak","tag-suriyede-teror-orgutleri-saflarinda-savasan-tunuslularin-sayisini-yaklasik-3-bin-olarak-tahmin-etmis","tag-suriyede-teroristlere-katilma-hazirliginda-olan-teror-agindan-fertler-tutuklandi-tunus-baja-kentinde-tunus-ulusal-koruma-bolgesine-bagli-uzman-tumeni"],"_links":{"self":[{"href":"https:\/\/archive.sana.sy\/tr\/index.php?rest_route=\/wp\/v2\/posts\/15622","targetHints":{"allow":["GET"]}}],"collection":[{"href":"https:\/\/archive.sana.sy\/tr\/index.php?rest_route=\/wp\/v2\/posts"}],"about":[{"href":"https:\/\/archive.sana.sy\/tr\/index.php?rest_route=\/wp\/v2\/types\/post"}],"author":[{"embeddable":true,"href":"https:\/\/archive.sana.sy\/tr\/index.php?rest_route=\/wp\/v2\/users\/1"}],"replies":[{"embeddable":true,"href":"https:\/\/archive.sana.sy\/tr\/index.php?rest_route=%2Fwp%2Fv2%2Fcomments&post=15622"}],"version-history":[{"count":0,"href":"https:\/\/archive.sana.sy\/tr\/index.php?rest_route=\/wp\/v2\/posts\/15622\/revisions"}],"wp:featuredmedia":[{"embeddable":true,"href":"https:\/\/archive.sana.sy\/tr\/index.php?rest_route=\/wp\/v2\/media\/15623"}],"wp:attachment":[{"href":"https:\/\/archive.sana.sy\/tr\/index.php?rest_route=%2Fwp%2Fv2%2Fmedia&parent=15622"}],"wp:term":[{"taxonomy":"category","embeddable":true,"href":"https:\/\/archive.sana.sy\/tr\/index.php?rest_route=%2Fwp%2Fv2%2Fcategories&post=15622"},{"taxonomy":"post_tag","embeddable":true,"href":"https:\/\/archive.sana.sy\/tr\/index.php?rest_route=%2Fwp%2Fv2%2Ftags&post=15622"}],"curies":[{"name":"wp","href":"https:\/\/api.w.org\/{rel}","templated":true}]}}