{"id":156543,"date":"2018-08-03T20:58:57","date_gmt":"2018-08-03T17:58:57","guid":{"rendered":"https:\/\/www.sana.sy\/tr\/?p=156543"},"modified":"2018-08-04T14:25:21","modified_gmt":"2018-08-04T11:25:21","slug":"suriye-yemene-yonelik-suudi-saldirilari-sert-bir-dille-kinadi","status":"publish","type":"post","link":"https:\/\/archive.sana.sy\/tr\/?p=156543","title":{"rendered":"Suriye Yemen&#8217;e Y\u00f6nelik Suudi Sald\u0131r\u0131lar\u0131 Sert Bir Dille K\u0131nad\u0131"},"content":{"rendered":"<p>\u015eAM \u2013 Suriye Arap Cumhuriyeti sald\u0131rgan Suudi Arabistan&#8217;\u0131n Yemen Hudeyde Liman\u0131nda bir hastane ve halk pazar\u0131na y\u00f6nelik d\u00fczenledi\u011fi sald\u0131r\u0131lar sonucunda i\u015fledi\u011fi katliam\u0131 k\u0131nad\u0131.<\/p>\n<p>D\u0131\u015fi\u015fleri ve Gurbet\u00e7iler Bakanl\u0131\u011f\u0131nda bir kaynak: Suriye Arap Cumhuriyeti&#8217;nin sald\u0131rgan Suudi Arabistan&#8217;\u0131n Yemen Hadide Liman\u0131nda bir hastane ve halk pazat\u0131na y\u00f6nelik d\u00fczenledi\u011fi sald\u0131r\u0131 sonucunda y\u00fczlerce masum Yemenli vatanda\u015f\u0131n \u015fehit ve yaral\u0131 d\u00fc\u015ft\u00fc\u011f\u00fc \u00e7irkef katliam\u0131 en sert dille k\u0131nad\u0131\u011f\u0131n\u0131 s\u00f6yledi.<\/p>\n<p>D\u0131\u015fi\u015fleri ve Gurbet\u00e7iler Bakanl\u0131\u011f\u0131, s\u00f6z konusu \u00e7irkef katliam\u0131n sald\u0131rgan Suudi Arabistan&#8217;\u0131n s\u00fcregeln ba\u015far\u0131s\u0131zl\u0131klar\u0131 \u00f6n\u00fcnde hayal k\u0131r\u0131kl\u0131\u011f\u0131 ve umutsuzlu\u011funun bir tabiri oldu\u011fu belirterek, hesap vermesini gerektiren sava\u015f su\u00e7u d\u00fczeyinde oldu\u011funu ifade etti.<\/p>\n<p>D\u0131\u015fi\u015fleri Bakanl\u0131\u011f\u0131: Suriye Arap Cumhuriyeti&#8217;nin, ABD, \u0130ngiltere ve Fransa \u00f6nc\u00fcl\u00fc\u011f\u00fcnde barbar Suudi Arabistan sald\u0131rganl\u0131\u011f\u0131n\u0131 \u00f6ld\u00fcr\u00fcc\u00fc sailhlarla besleyen bat\u0131l\u0131 \u00fclkelerce destekli bu sald\u0131r\u0131lara derhal son verilmesi i\u00e7in harekete ge\u00e7mesi i\u00e7in uluslara aras\u0131 toplumu g\u00f6reve \u00e7a\u011f\u0131rd\u0131\u011f\u0131n\u0131 ifade etti.<\/p>\n<p>Kaynak, Suriye&#8217;nin karde\u015f Yemen halk\u0131na y\u00f6nelik karde\u015flik duygular\u0131n\u0131 dile getirdi\u011fini, bu sald\u0131r\u0131lar\u0131n sonucunun, vatan\u0131n\u0131 savunan ve istiklallerini korumaya \u00e7al\u0131\u015fan, petrol \u015feyhlikleri ve Arap \u00fcmmetinin y\u00fcksek \u00e7\u0131karlar\u0131yla ba\u011fda\u015fmayan planlara ba\u011f\u0131ml\u0131l\u0131k \u015fekillerinin her t\u00fcr\u00fcn\u00fc reddeden Yemen halk\u0131n\u0131n \u0131srar\u0131 \u00f6n\u00fcnde, ba\u015far\u0131s\u0131l\u0131k ve hezimet olaca\u011f\u0131ndan emin oldu\u011funu dile getirdi.<\/p>\n","protected":false},"excerpt":{"rendered":"<p>\u015eAM \u2013 Suriye Arap Cumhuriyeti sald\u0131rgan Suudi Arabistan&#8217;\u0131n Yemen Hudeyde Liman\u0131nda bir hastane ve halk pazar\u0131na y\u00f6nelik d\u00fczenledi\u011fi sald\u0131r\u0131lar sonucunda i\u015fledi\u011fi katliam\u0131 k\u0131nad\u0131. D\u0131\u015fi\u015fleri ve Gurbet\u00e7iler Bakanl\u0131\u011f\u0131nda bir kaynak: Suriye Arap Cumhuriyeti&#8217;nin sald\u0131rgan Suudi Arabistan&#8217;\u0131n Yemen Hadide Liman\u0131nda bir hastane ve halk pazat\u0131na y\u00f6nelik d\u00fczenledi\u011fi sald\u0131r\u0131 sonucunda y\u00fczlerce masum Yemenli vatanda\u015f\u0131n \u015fehit ve yaral\u0131 d\u00fc\u015ft\u00fc\u011f\u00fc &hellip;<\/p>\n","protected":false},"author":1,"featured_media":156544,"comment_status":"closed","ping_status":"closed","sticky":false,"template":"","format":"standard","meta":{"footnotes":""},"categories":[479,17988,478],"tags":[37112,16591,22181,27326],"class_list":["post-156543","post","type-post","status-publish","format-standard","has-post-thumbnail","","category-haberler-yerel","category-son-haberler","category-yerel","tag-disisleri-bakanligi-suudi-saldirisi","tag-suriye","tag-suriyeliler","tag-yemen-savasi"],"_links":{"self":[{"href":"https:\/\/archive.sana.sy\/tr\/index.php?rest_route=\/wp\/v2\/posts\/156543","targetHints":{"allow":["GET"]}}],"collection":[{"href":"https:\/\/archive.sana.sy\/tr\/index.php?rest_route=\/wp\/v2\/posts"}],"about":[{"href":"https:\/\/archive.sana.sy\/tr\/index.php?rest_route=\/wp\/v2\/types\/post"}],"author":[{"embeddable":true,"href":"https:\/\/archive.sana.sy\/tr\/index.php?rest_route=\/wp\/v2\/users\/1"}],"replies":[{"embeddable":true,"href":"https:\/\/archive.sana.sy\/tr\/index.php?rest_route=%2Fwp%2Fv2%2Fcomments&post=156543"}],"version-history":[{"count":0,"href":"https:\/\/archive.sana.sy\/tr\/index.php?rest_route=\/wp\/v2\/posts\/156543\/revisions"}],"wp:featuredmedia":[{"embeddable":true,"href":"https:\/\/archive.sana.sy\/tr\/index.php?rest_route=\/wp\/v2\/media\/156544"}],"wp:attachment":[{"href":"https:\/\/archive.sana.sy\/tr\/index.php?rest_route=%2Fwp%2Fv2%2Fmedia&parent=156543"}],"wp:term":[{"taxonomy":"category","embeddable":true,"href":"https:\/\/archive.sana.sy\/tr\/index.php?rest_route=%2Fwp%2Fv2%2Fcategories&post=156543"},{"taxonomy":"post_tag","embeddable":true,"href":"https:\/\/archive.sana.sy\/tr\/index.php?rest_route=%2Fwp%2Fv2%2Ftags&post=156543"}],"curies":[{"name":"wp","href":"https:\/\/api.w.org\/{rel}","templated":true}]}}