{"id":156548,"date":"2018-08-04T11:00:55","date_gmt":"2018-08-04T08:00:55","guid":{"rendered":"https:\/\/www.sana.sy\/tr\/?p=156548"},"modified":"2018-08-05T13:28:51","modified_gmt":"2018-08-05T10:28:51","slug":"albukemal-kentine-insani-yardim-konvoyu-gonderildi","status":"publish","type":"post","link":"https:\/\/archive.sana.sy\/tr\/?p=156548","title":{"rendered":"Albukemal Kentine \u0130nsani Yard\u0131m Konvoyu G\u00f6nderildi"},"content":{"rendered":"<p>DEYREZZOR \u2013 K\u0131z\u0131lay \u00d6rg\u00fct\u00fc Deyrezzor k\u0131rsal\u0131n\u0131n g\u00fcneydo\u011fusunda yer alan Albukemal Kentine insani yard\u0131m konvoyu g\u00f6nderdi.<\/p>\n<p>K\u0131z\u0131lay \u00d6rg\u00fct\u00fc yay\u0131nlad\u0131\u011f\u0131 b\u00fcltende g\u00f6nderilen insani yard\u0131mlarda un, pirin\u00e7, ya\u011f ve daha ba\u015fka g\u0131da \u00fcr\u00fcnlerinin bulundu\u011funu belirtti.<\/p>\n<p>Suriye h\u00fck\u00fcmeti yurdun farkl\u0131 b\u00f6lgelerinde istisnas\u0131z t\u00fcm vatanda\u015flar\u0131n temel gereksinimlerinin temin edilmesi ve bu ba\u011flamda harcanan icraatlar\u0131 da te\u015fvik edip kolayla\u015ft\u0131rmaya b\u00fcy\u00fck bir \u00f6zen g\u00f6steriyor.<\/p>\n","protected":false},"excerpt":{"rendered":"<p>DEYREZZOR \u2013 K\u0131z\u0131lay \u00d6rg\u00fct\u00fc Deyrezzor k\u0131rsal\u0131n\u0131n g\u00fcneydo\u011fusunda yer alan Albukemal Kentine insani yard\u0131m konvoyu g\u00f6nderdi. K\u0131z\u0131lay \u00d6rg\u00fct\u00fc yay\u0131nlad\u0131\u011f\u0131 b\u00fcltende g\u00f6nderilen insani yard\u0131mlarda un, pirin\u00e7, ya\u011f ve daha ba\u015fka g\u0131da \u00fcr\u00fcnlerinin bulundu\u011funu belirtti. Suriye h\u00fck\u00fcmeti yurdun farkl\u0131 b\u00f6lgelerinde istisnas\u0131z t\u00fcm vatanda\u015flar\u0131n temel gereksinimlerinin temin edilmesi ve bu ba\u011flamda harcanan icraatlar\u0131 da te\u015fvik edip kolayla\u015ft\u0131rmaya b\u00fcy\u00fck bir &hellip;<\/p>\n","protected":false},"author":1,"featured_media":156556,"comment_status":"closed","ping_status":"closed","sticky":false,"template":"","format":"standard","meta":{"footnotes":""},"categories":[479,17988,478],"tags":[2494,18519,18448,18671,16591,12240,22181,26736,37113,24838],"class_list":["post-156548","post","type-post","status-publish","format-standard","has-post-thumbnail","","category-haberler-yerel","category-son-haberler","category-yerel","tag-deyrezzor","tag-insani-durumlar","tag-insani-yardim","tag-kizilay-orgutu","tag-suriye","tag-suriye-hukumeti","tag-suriyeliler","tag-suriyelilere-insani-yardim","tag-yardim-calismalari","tag-yardim-konvoyu"],"_links":{"self":[{"href":"https:\/\/archive.sana.sy\/tr\/index.php?rest_route=\/wp\/v2\/posts\/156548","targetHints":{"allow":["GET"]}}],"collection":[{"href":"https:\/\/archive.sana.sy\/tr\/index.php?rest_route=\/wp\/v2\/posts"}],"about":[{"href":"https:\/\/archive.sana.sy\/tr\/index.php?rest_route=\/wp\/v2\/types\/post"}],"author":[{"embeddable":true,"href":"https:\/\/archive.sana.sy\/tr\/index.php?rest_route=\/wp\/v2\/users\/1"}],"replies":[{"embeddable":true,"href":"https:\/\/archive.sana.sy\/tr\/index.php?rest_route=%2Fwp%2Fv2%2Fcomments&post=156548"}],"version-history":[{"count":0,"href":"https:\/\/archive.sana.sy\/tr\/index.php?rest_route=\/wp\/v2\/posts\/156548\/revisions"}],"wp:featuredmedia":[{"embeddable":true,"href":"https:\/\/archive.sana.sy\/tr\/index.php?rest_route=\/wp\/v2\/media\/156556"}],"wp:attachment":[{"href":"https:\/\/archive.sana.sy\/tr\/index.php?rest_route=%2Fwp%2Fv2%2Fmedia&parent=156548"}],"wp:term":[{"taxonomy":"category","embeddable":true,"href":"https:\/\/archive.sana.sy\/tr\/index.php?rest_route=%2Fwp%2Fv2%2Fcategories&post=156548"},{"taxonomy":"post_tag","embeddable":true,"href":"https:\/\/archive.sana.sy\/tr\/index.php?rest_route=%2Fwp%2Fv2%2Ftags&post=156548"}],"curies":[{"name":"wp","href":"https:\/\/api.w.org\/{rel}","templated":true}]}}