{"id":156558,"date":"2018-08-04T13:49:14","date_gmt":"2018-08-04T10:49:14","guid":{"rendered":"https:\/\/www.sana.sy\/tr\/?p=156558"},"modified":"2018-08-05T13:28:31","modified_gmt":"2018-08-05T10:28:31","slug":"suriye-rusya-isadamlari-2-forumu-fuarin-ikinci-gununde-duzenlenecek","status":"publish","type":"post","link":"https:\/\/archive.sana.sy\/tr\/?p=156558","title":{"rendered":"Suriye Rusya \u0130\u015fadamlar\u0131 2. Forumu Fuar\u0131n \u0130kinci G\u00fcn\u00fcnde D\u00fczenlenecek"},"content":{"rendered":"<p>\u015eAM \u2013 Suriye Rusya \u0130\u015fadamlar\u0131n\u0131n ikinci forumu Eyl\u00fcl ay\u0131nda d\u00fczenlenmesi beklenen ve Ortado\u011fu&#8217;nun en \u00f6nemli ekonomi, sosyal ve k\u00fclt\u00fcrel faaliyetlerinden biri say\u0131lan Uluslararas\u0131 \u015eam Fuar\u0131n\u0131n ikinci g\u00fcn\u00fcnde Rus 70 \u015firketin kat\u0131l\u0131m\u0131yla yap\u0131lacak.<\/p>\n<p>Suriye Rusya \u0130\u015fadamlar\u0131 Konseyi ba\u015fkan\u0131 Semir Hasan yapt\u0131\u011f\u0131 a\u00e7\u0131klamada; forum \u00e7al\u0131\u015fmalar\u0131nda Suriye&#8217;de yeniden yap\u0131lanma s\u00fcreci kapsam\u0131nda ticari, ekonomik ve turizm yat\u0131r\u0131mlar\u0131 olanaklar\u0131n\u0131n ele al\u0131naca\u011f\u0131n\u0131 a\u00e7\u0131klad\u0131.<\/p>\n","protected":false},"excerpt":{"rendered":"<p>\u015eAM \u2013 Suriye Rusya \u0130\u015fadamlar\u0131n\u0131n ikinci forumu Eyl\u00fcl ay\u0131nda d\u00fczenlenmesi beklenen ve Ortado\u011fu&#8217;nun en \u00f6nemli ekonomi, sosyal ve k\u00fclt\u00fcrel faaliyetlerinden biri say\u0131lan Uluslararas\u0131 \u015eam Fuar\u0131n\u0131n ikinci g\u00fcn\u00fcnde Rus 70 \u015firketin kat\u0131l\u0131m\u0131yla yap\u0131lacak. Suriye Rusya \u0130\u015fadamlar\u0131 Konseyi ba\u015fkan\u0131 Semir Hasan yapt\u0131\u011f\u0131 a\u00e7\u0131klamada; forum \u00e7al\u0131\u015fmalar\u0131nda Suriye&#8217;de yeniden yap\u0131lanma s\u00fcreci kapsam\u0131nda ticari, ekonomik ve turizm yat\u0131r\u0131mlar\u0131 olanaklar\u0131n\u0131n ele &hellip;<\/p>\n","protected":false},"author":1,"featured_media":156559,"comment_status":"closed","ping_status":"closed","sticky":false,"template":"","format":"standard","meta":{"footnotes":""},"categories":[485,486,17988,36578],"tags":[29694,31990,16591,30981,37114,28014],"class_list":["post-156558","post","type-post","status-publish","format-standard","has-post-thumbnail","","category-is-ve-sermaye","category-haberler-is-ve-sermaye","category-son-haberler","category-uluslararasi-sam-fuari","tag-sam-fuari","tag-sam-fuarlari","tag-suriye","tag-suriye-fuarlari","tag-suriye-rusya-isadamlari-konseyi","tag-uluslararasi-fuar"],"_links":{"self":[{"href":"https:\/\/archive.sana.sy\/tr\/index.php?rest_route=\/wp\/v2\/posts\/156558","targetHints":{"allow":["GET"]}}],"collection":[{"href":"https:\/\/archive.sana.sy\/tr\/index.php?rest_route=\/wp\/v2\/posts"}],"about":[{"href":"https:\/\/archive.sana.sy\/tr\/index.php?rest_route=\/wp\/v2\/types\/post"}],"author":[{"embeddable":true,"href":"https:\/\/archive.sana.sy\/tr\/index.php?rest_route=\/wp\/v2\/users\/1"}],"replies":[{"embeddable":true,"href":"https:\/\/archive.sana.sy\/tr\/index.php?rest_route=%2Fwp%2Fv2%2Fcomments&post=156558"}],"version-history":[{"count":0,"href":"https:\/\/archive.sana.sy\/tr\/index.php?rest_route=\/wp\/v2\/posts\/156558\/revisions"}],"wp:featuredmedia":[{"embeddable":true,"href":"https:\/\/archive.sana.sy\/tr\/index.php?rest_route=\/wp\/v2\/media\/156559"}],"wp:attachment":[{"href":"https:\/\/archive.sana.sy\/tr\/index.php?rest_route=%2Fwp%2Fv2%2Fmedia&parent=156558"}],"wp:term":[{"taxonomy":"category","embeddable":true,"href":"https:\/\/archive.sana.sy\/tr\/index.php?rest_route=%2Fwp%2Fv2%2Fcategories&post=156558"},{"taxonomy":"post_tag","embeddable":true,"href":"https:\/\/archive.sana.sy\/tr\/index.php?rest_route=%2Fwp%2Fv2%2Ftags&post=156558"}],"curies":[{"name":"wp","href":"https:\/\/api.w.org\/{rel}","templated":true}]}}