{"id":156562,"date":"2018-08-04T14:36:46","date_gmt":"2018-08-04T11:36:46","guid":{"rendered":"https:\/\/www.sana.sy\/tr\/?p=156562"},"modified":"2018-08-05T13:28:02","modified_gmt":"2018-08-05T10:28:02","slug":"kuchich-dunyanin-suriye-konusundaki-gercekleri-bilme-zamani-geldi","status":"publish","type":"post","link":"https:\/\/archive.sana.sy\/tr\/?p=156562","title":{"rendered":"Kuchich: D\u00fcnyan\u0131n Suriye Konusundaki Ger\u00e7ekleri Bilme Zaman\u0131 Geldi"},"content":{"rendered":"<p>\u015eAM \u2013 Cumhuriyet Ba\u015f M\u00fcft\u00fcs\u00fc Dr. Ahmet Bedrettin Hassun bug\u00fcn Macaristan&#8217;\u0131n Rum Katolik Metropoliti Philippe Kuchich ile g\u00f6r\u00fc\u015fmesinde; t\u00fcm semavi dinlerin be\u015fi\u011fi olan Suriye&#8217;nin t\u00fcm d\u00fcnya ve halklar\u0131 ad\u0131na ter\u00f6rle m\u00fccadele etti\u011fini belirtti.<\/p>\n<p>Ba\u015f M\u00fcft\u00fc Hassun; tarihin Suriye&#8217;nin insanl\u0131k medeniyetini yap\u0131land\u0131rma ve geli\u015ftirmekle birlikte d\u00fcnyaya a\u00e7\u0131l\u0131m\u0131n\u0131 net bir \u015fekilde kaydetti\u011fine dikkat \u00e7ekti.<\/p>\n<p>Suriye&#8217;nin dinler aras\u0131 ve ayn\u0131 dinden farkl\u0131 mezhepler aras\u0131ndaki karde\u015flik ve ho\u015fg\u00f6r\u00fcde her daim d\u00fcnyaya model te\u015fkil etti\u011fine vurgu yapan Hassun; Suriye&#8217;nin halk\u0131, ordusu ve y\u00f6netimi ile birbirlerine kenetlenmeleri neticesinde ter\u00f6r ve destek\u00e7ilerine zafer kaydettiklerini ifade etti.<\/p>\n<p>Metropolit Kuchich ile Bat\u0131l\u0131 medyan\u0131n Suriye ve halk\u0131n\u0131n maruz kald\u0131klar\u0131 \u00e7ok y\u00f6nl\u00fc sava\u015f konusunda ger\u00e7ekleri \u00e7arp\u0131t\u0131p d\u00fcnya kamuoyunu kand\u0131rd\u0131\u011f\u0131na dikkat \u00e7ekerken, d\u00fcnyan\u0131n Suriye konusundaki ger\u00e7ekleri bilmesinin zaman\u0131 geldi\u011fini belirtti.<\/p>\n","protected":false},"excerpt":{"rendered":"<p>\u015eAM \u2013 Cumhuriyet Ba\u015f M\u00fcft\u00fcs\u00fc Dr. Ahmet Bedrettin Hassun bug\u00fcn Macaristan&#8217;\u0131n Rum Katolik Metropoliti Philippe Kuchich ile g\u00f6r\u00fc\u015fmesinde; t\u00fcm semavi dinlerin be\u015fi\u011fi olan Suriye&#8217;nin t\u00fcm d\u00fcnya ve halklar\u0131 ad\u0131na ter\u00f6rle m\u00fccadele etti\u011fini belirtti. Ba\u015f M\u00fcft\u00fc Hassun; tarihin Suriye&#8217;nin insanl\u0131k medeniyetini yap\u0131land\u0131rma ve geli\u015ftirmekle birlikte d\u00fcnyaya a\u00e7\u0131l\u0131m\u0131n\u0131 net bir \u015fekilde kaydetti\u011fine dikkat \u00e7ekti. Suriye&#8217;nin dinler aras\u0131 &hellip;<\/p>\n","protected":false},"author":1,"featured_media":156563,"comment_status":"closed","ping_status":"closed","sticky":false,"template":"","format":"standard","meta":{"footnotes":""},"categories":[479,17988,478],"tags":[18424,37115,31799,37116,16591],"class_list":["post-156562","post","type-post","status-publish","format-standard","has-post-thumbnail","","category-haberler-yerel","category-son-haberler","category-yerel","tag-cumhuriyet-bas-muftusu","tag-dr-ahmet-bedrettin-hassun","tag-macaristan","tag-macaristanin-rum-katolik-metropoliti-philippe-kuchich","tag-suriye"],"_links":{"self":[{"href":"https:\/\/archive.sana.sy\/tr\/index.php?rest_route=\/wp\/v2\/posts\/156562","targetHints":{"allow":["GET"]}}],"collection":[{"href":"https:\/\/archive.sana.sy\/tr\/index.php?rest_route=\/wp\/v2\/posts"}],"about":[{"href":"https:\/\/archive.sana.sy\/tr\/index.php?rest_route=\/wp\/v2\/types\/post"}],"author":[{"embeddable":true,"href":"https:\/\/archive.sana.sy\/tr\/index.php?rest_route=\/wp\/v2\/users\/1"}],"replies":[{"embeddable":true,"href":"https:\/\/archive.sana.sy\/tr\/index.php?rest_route=%2Fwp%2Fv2%2Fcomments&post=156562"}],"version-history":[{"count":0,"href":"https:\/\/archive.sana.sy\/tr\/index.php?rest_route=\/wp\/v2\/posts\/156562\/revisions"}],"wp:featuredmedia":[{"embeddable":true,"href":"https:\/\/archive.sana.sy\/tr\/index.php?rest_route=\/wp\/v2\/media\/156563"}],"wp:attachment":[{"href":"https:\/\/archive.sana.sy\/tr\/index.php?rest_route=%2Fwp%2Fv2%2Fmedia&parent=156562"}],"wp:term":[{"taxonomy":"category","embeddable":true,"href":"https:\/\/archive.sana.sy\/tr\/index.php?rest_route=%2Fwp%2Fv2%2Fcategories&post=156562"},{"taxonomy":"post_tag","embeddable":true,"href":"https:\/\/archive.sana.sy\/tr\/index.php?rest_route=%2Fwp%2Fv2%2Ftags&post=156562"}],"curies":[{"name":"wp","href":"https:\/\/api.w.org\/{rel}","templated":true}]}}