{"id":156645,"date":"2018-08-05T16:40:12","date_gmt":"2018-08-05T13:40:12","guid":{"rendered":"https:\/\/www.sana.sy\/tr\/?p=156645"},"modified":"2018-08-06T13:34:33","modified_gmt":"2018-08-06T10:34:33","slug":"suriye-maduroya-suikast-girisimini-kiniyor","status":"publish","type":"post","link":"https:\/\/archive.sana.sy\/tr\/?p=156645","title":{"rendered":"Suriye Maduro\u2019ya Suikast Giri\u015fimini K\u0131n\u0131yor"},"content":{"rendered":"<p>\u015eAM \u2013 D\u0131\u015fi\u015fleri ve Gurbet\u00e7iler Bakanl\u0131\u011f\u0131nda yetkili bir kaynak; Suriye&#8217;nin, Venez\u00fcella Ba\u015fkan\u0131 Nicolas Maduro\u2019ya kar\u015f\u0131 yap\u0131lan suikast giri\u015fimini keskin bir dille k\u0131nad\u0131\u011f\u0131n\u0131 belirtti.<\/p>\n<p>Yetkili kaynak bug\u00fcn SANA\u2019ya yapt\u0131\u011f\u0131 a\u00e7\u0131klamada; bu giri\u015fimin \u00fclkede g\u00fcvenlik ve istikrar\u0131 baltalama amac\u0131 ta\u015f\u0131d\u0131\u011f\u0131n\u0131 belirtti.<\/p>\n<p>Suriye&#8217;nin dost Venez\u00fcella halk\u0131 ve y\u00f6netimi ile dayan\u0131\u015fmas\u0131n\u0131 ifade eden yetkili kaynak; Suriye&#8217;nin, devletlerin egemenli\u011fine sayg\u0131 g\u00f6sterilmesi ve i\u00e7i\u015flerine m\u00fcdahale edilmemesi \u00e7a\u011fr\u0131s\u0131n\u0131 bir kez daha yineledi.<\/p>\n","protected":false},"excerpt":{"rendered":"<p>\u015eAM \u2013 D\u0131\u015fi\u015fleri ve Gurbet\u00e7iler Bakanl\u0131\u011f\u0131nda yetkili bir kaynak; Suriye&#8217;nin, Venez\u00fcella Ba\u015fkan\u0131 Nicolas Maduro\u2019ya kar\u015f\u0131 yap\u0131lan suikast giri\u015fimini keskin bir dille k\u0131nad\u0131\u011f\u0131n\u0131 belirtti. Yetkili kaynak bug\u00fcn SANA\u2019ya yapt\u0131\u011f\u0131 a\u00e7\u0131klamada; bu giri\u015fimin \u00fclkede g\u00fcvenlik ve istikrar\u0131 baltalama amac\u0131 ta\u015f\u0131d\u0131\u011f\u0131n\u0131 belirtti. Suriye&#8217;nin dost Venez\u00fcella halk\u0131 ve y\u00f6netimi ile dayan\u0131\u015fmas\u0131n\u0131 ifade eden yetkili kaynak; Suriye&#8217;nin, devletlerin egemenli\u011fine sayg\u0131 &hellip;<\/p>\n","protected":false},"author":1,"featured_media":149371,"comment_status":"closed","ping_status":"closed","sticky":false,"template":"","format":"standard","meta":{"footnotes":""},"categories":[479,17988,478],"tags":[37134,37133,37131,37132],"class_list":["post-156645","post","type-post","status-publish","format-standard","has-post-thumbnail","","category-haberler-yerel","category-son-haberler","category-yerel","tag-keskin-bir-dille-kinadi","tag-suikast-girisimi","tag-suriye-maduroya-suikast-girisimini-kiniyor","tag-venezuella-baskani-nicolas-maduro"],"_links":{"self":[{"href":"https:\/\/archive.sana.sy\/tr\/index.php?rest_route=\/wp\/v2\/posts\/156645","targetHints":{"allow":["GET"]}}],"collection":[{"href":"https:\/\/archive.sana.sy\/tr\/index.php?rest_route=\/wp\/v2\/posts"}],"about":[{"href":"https:\/\/archive.sana.sy\/tr\/index.php?rest_route=\/wp\/v2\/types\/post"}],"author":[{"embeddable":true,"href":"https:\/\/archive.sana.sy\/tr\/index.php?rest_route=\/wp\/v2\/users\/1"}],"replies":[{"embeddable":true,"href":"https:\/\/archive.sana.sy\/tr\/index.php?rest_route=%2Fwp%2Fv2%2Fcomments&post=156645"}],"version-history":[{"count":0,"href":"https:\/\/archive.sana.sy\/tr\/index.php?rest_route=\/wp\/v2\/posts\/156645\/revisions"}],"wp:featuredmedia":[{"embeddable":true,"href":"https:\/\/archive.sana.sy\/tr\/index.php?rest_route=\/wp\/v2\/media\/149371"}],"wp:attachment":[{"href":"https:\/\/archive.sana.sy\/tr\/index.php?rest_route=%2Fwp%2Fv2%2Fmedia&parent=156645"}],"wp:term":[{"taxonomy":"category","embeddable":true,"href":"https:\/\/archive.sana.sy\/tr\/index.php?rest_route=%2Fwp%2Fv2%2Fcategories&post=156645"},{"taxonomy":"post_tag","embeddable":true,"href":"https:\/\/archive.sana.sy\/tr\/index.php?rest_route=%2Fwp%2Fv2%2Ftags&post=156645"}],"curies":[{"name":"wp","href":"https:\/\/api.w.org\/{rel}","templated":true}]}}