{"id":157182,"date":"2018-08-10T17:13:06","date_gmt":"2018-08-10T14:13:06","guid":{"rendered":"https:\/\/www.sana.sy\/tr\/?p=157182"},"modified":"2018-08-11T13:16:30","modified_gmt":"2018-08-11T10:16:30","slug":"hayrin-vatani-kampinda-psikolojik-ve-tibbi-destek-ile-muhtelif-aktiviteler","status":"publish","type":"post","link":"https:\/\/archive.sana.sy\/tr\/?p=157182","title":{"rendered":"&#8220;Hayr\u0131n Vatan\u0131&#8221; Kamp\u0131nda Psikolojik ve T\u0131bbi Destek \u0130le Muhtelif Aktiviteler"},"content":{"rendered":"<p>HOMS &#8211; Homs Vadi el Nadara&#8217;da d\u00fczenlenen &#8220;Hayr\u0131n Vatan\u0131&#8221; kamp\u0131 muhtelif faaliyetler ve aktivitelere tan\u0131k oldu. Bu faaliyetler ve aktiviteler sava\u015fta yaralananlar, \u015fehit aileleri ve okullar\u0131nda ba\u015far\u0131l\u0131 olan \u00f6\u011frencilerle bir grup \u015fehit annesini hedef ald\u0131.<\/p>\n<p><a href=\"https:\/\/www.sana.sy\/tr\/wp-content\/uploads\/2018\/08\/2-29.jpg\"><img loading=\"lazy\" decoding=\"async\" class=\"alignright wp-image-157184 size-medium\" src=\"https:\/\/www.sana.sy\/tr\/wp-content\/uploads\/2018\/08\/2-29-300x169.jpg\" alt=\"\" width=\"300\" height=\"169\" srcset=\"https:\/\/archive.sana.sy\/tr\/wp-content\/uploads\/2018\/08\/2-29-300x169.jpg 300w, https:\/\/archive.sana.sy\/tr\/wp-content\/uploads\/2018\/08\/2-29-150x85.jpg 150w, https:\/\/archive.sana.sy\/tr\/wp-content\/uploads\/2018\/08\/2-29.jpg 660w\" sizes=\"auto, (max-width: 300px) 100vw, 300px\" \/><\/a>Kamp, e\u011flence programlar\u0131n\u0131n d\u00fczenlenmesi, psikolojik ve fizik tedavi ve sosyal e\u011fitimcilerden g\u00f6n\u00fcll\u00fcleri konuk eden programlar\u0131n d\u00fczenlenmesi yan\u0131 s\u0131ra, \u015fiir ve \u015fark\u0131 s\u00f6yleme, do\u011fal alanlara gece y\u00fcr\u00fcy\u00fc\u015f\u00fc d\u00fczenleme,Hosn kalesi ile a\u011fa\u00e7land\u0131rma projesi ile b\u00f6lgedeki tarihi ve arkeolojik alanlar\u0131n ziyaretini i\u00e7erdi.<\/p>\n<p>Kampta g\u00f6n\u00fcll\u00fc olarak \u00e7al\u0131\u015fan Nesrin Nevvaf \u015eahin SANA Muhabirine a\u00e7\u0131klamas\u0131nda, kamp\u0131n hedefinin kahraman yral\u0131lar\u0131m\u0131zla \u015fehit annelerimizi bir araya getirerek Suriye&#8217;ye ne\u015fe ve hayr\u0131n getirilmesine yard\u0131mc\u0131 olmak ve buradan hareketle &#8220;Hay\u0131r Kamp\u0131&#8221; ad\u0131n\u0131n su gibi kat\u0131l\u0131mc\u0131lar\u0131n kalplerinde hay\u0131r ekmek i\u00e7in geldi\u011fini belirttti.<\/p>\n<p>Homs ili ilkyard\u0131m sistemi ba\u015fkan\u0131 Dr Muhammed K\u00f6se, kat\u0131l\u0131mlar\u0131n\u0131n iki ambulans arac\u0131, doktor, iki acil yard\u0131m \u00e7al\u0131\u015fan\u0131 ve iki \u015fof\u00f6rle saat ba\u015f\u0131 t\u0131bbi yard\u0131mlar sunmak i\u00e7in geldi\u011fine dikkat \u00e7ekerek, acil durum ve hem\u015firelikle ilgili t\u00fcm talepleri kar\u015f\u0131lamak \u00fczere, yaral\u0131lar\u0131n \u00f6nemli vakalar\u0131n\u0131n bir\u00e7o\u011funa cevap vermenin yan\u0131 s\u0131ra, sorular\u0131n\u0131 cevaplamak i\u00e7in onlarla a\u00e7\u0131k bir diyalog oturumunun organize edildi\u011fine i\u015faret etti.<\/p>\n<p><a href=\"https:\/\/www.sana.sy\/tr\/wp-content\/uploads\/2018\/08\/3-22.jpg\"><img loading=\"lazy\" decoding=\"async\" class=\"alignright wp-image-157185 size-medium\" src=\"https:\/\/www.sana.sy\/tr\/wp-content\/uploads\/2018\/08\/3-22-300x169.jpg\" alt=\"\" width=\"300\" height=\"169\" srcset=\"https:\/\/archive.sana.sy\/tr\/wp-content\/uploads\/2018\/08\/3-22-300x169.jpg 300w, https:\/\/archive.sana.sy\/tr\/wp-content\/uploads\/2018\/08\/3-22-150x84.jpg 150w, https:\/\/archive.sana.sy\/tr\/wp-content\/uploads\/2018\/08\/3-22.jpg 660w\" sizes=\"auto, (max-width: 300px) 100vw, 300px\" \/><\/a>Suriye Arap Ordusunda 2 yaral\u0131 subay olan Kays Sait ve Bahaa Yunus ile yaral\u0131 Muhammed Ammuri, kamp\u0131n silah arakada\u015flar\u0131yla g\u00f6r\u00fc\u015fme ve yeni arkada\u015fl\u0131klar ve karde\u015flikler edinmek i\u00e7in, ileti\u015fim ve tan\u0131\u015fma alan\u0131 oldu\u011funu belirttti.<\/p>\n<p>\u0130ki \u015fehit ve bir yaral\u0131 annesi Besime S\u00fcleyman Hammud, Suriye&#8217;nin b\u00fct\u00fcn fedakarl\u0131klar\u0131 haketti\u011fini, b\u00fct\u00fcn komplolara kar\u015f\u0131 d\u00fcmdik ayakta durdu\u011funu ve ter\u00f6re kar\u015f\u0131 mutlak zafere eri\u015fece\u011fini vurgulad\u0131.<\/p>\n<p>\u015eehit Ramazan&#8217;\u0131n o\u011flu Be\u015f\u015farr Haddur da, babas\u0131n\u0131n \u015fehitli\u011fiyle onur duydu\u011funu dile getirerek, yeni deneyimler ve yeni insanlarla tan\u0131\u015fma f\u0131rsat\u0131 kazand\u0131ran kampa kat\u0131lmas\u0131ndan duydu\u011fu sevincini ifade etti.<\/p>\n<p>Kamp, 5 A\u011fustos&#8217;ta ba\u015flad\u0131 ve 5 g\u00fcn boyunca a\u00e7\u0131k kald\u0131.<\/p>\n<p>S. \u015eahhut<\/p>\n","protected":false},"excerpt":{"rendered":"<p>HOMS &#8211; Homs Vadi el Nadara&#8217;da d\u00fczenlenen &#8220;Hayr\u0131n Vatan\u0131&#8221; kamp\u0131 muhtelif faaliyetler ve aktivitelere tan\u0131k oldu. Bu faaliyetler ve aktiviteler sava\u015fta yaralananlar, \u015fehit aileleri ve okullar\u0131nda ba\u015far\u0131l\u0131 olan \u00f6\u011frencilerle bir grup \u015fehit annesini hedef ald\u0131. Kamp, e\u011flence programlar\u0131n\u0131n d\u00fczenlenmesi, psikolojik ve fizik tedavi ve sosyal e\u011fitimcilerden g\u00f6n\u00fcll\u00fcleri konuk eden programlar\u0131n d\u00fczenlenmesi yan\u0131 s\u0131ra, \u015fiir ve &hellip;<\/p>\n","protected":false},"author":1,"featured_media":157183,"comment_status":"closed","ping_status":"closed","sticky":false,"template":"","format":"standard","meta":{"footnotes":""},"categories":[526,541,479,17988,525,538,478],"tags":[],"class_list":["post-157182","post","type-post","status-publish","format-standard","has-post-thumbnail","","category-haber-ve-raporlar","category-haberler","category-haberler-yerel","category-son-haberler","category-toplum","category-yasam","category-yerel"],"_links":{"self":[{"href":"https:\/\/archive.sana.sy\/tr\/index.php?rest_route=\/wp\/v2\/posts\/157182","targetHints":{"allow":["GET"]}}],"collection":[{"href":"https:\/\/archive.sana.sy\/tr\/index.php?rest_route=\/wp\/v2\/posts"}],"about":[{"href":"https:\/\/archive.sana.sy\/tr\/index.php?rest_route=\/wp\/v2\/types\/post"}],"author":[{"embeddable":true,"href":"https:\/\/archive.sana.sy\/tr\/index.php?rest_route=\/wp\/v2\/users\/1"}],"replies":[{"embeddable":true,"href":"https:\/\/archive.sana.sy\/tr\/index.php?rest_route=%2Fwp%2Fv2%2Fcomments&post=157182"}],"version-history":[{"count":0,"href":"https:\/\/archive.sana.sy\/tr\/index.php?rest_route=\/wp\/v2\/posts\/157182\/revisions"}],"wp:featuredmedia":[{"embeddable":true,"href":"https:\/\/archive.sana.sy\/tr\/index.php?rest_route=\/wp\/v2\/media\/157183"}],"wp:attachment":[{"href":"https:\/\/archive.sana.sy\/tr\/index.php?rest_route=%2Fwp%2Fv2%2Fmedia&parent=157182"}],"wp:term":[{"taxonomy":"category","embeddable":true,"href":"https:\/\/archive.sana.sy\/tr\/index.php?rest_route=%2Fwp%2Fv2%2Fcategories&post=157182"},{"taxonomy":"post_tag","embeddable":true,"href":"https:\/\/archive.sana.sy\/tr\/index.php?rest_route=%2Fwp%2Fv2%2Ftags&post=157182"}],"curies":[{"name":"wp","href":"https:\/\/api.w.org\/{rel}","templated":true}]}}