{"id":15730,"date":"2014-11-17T10:44:31","date_gmt":"2014-11-17T08:44:31","guid":{"rendered":"http:\/\/www.sana.sy\/tr\/?p=15730"},"modified":"2014-11-17T10:44:31","modified_gmt":"2014-11-17T08:44:31","slug":"reform-hareketine-siir-sempozyumu-ve-belgesel-fotograflar-2","status":"publish","type":"post","link":"https:\/\/archive.sana.sy\/tr\/?p=15730","title":{"rendered":"Reform Hareketine \u015eiir Sempozyumu ve Belgesel Foto\u011fraflar"},"content":{"rendered":"<p>Reform Hareketine \u015eiir Sempozyumu ve Belgesel Foto\u011fraflar<\/p>\n","protected":false},"excerpt":{"rendered":"<p>Reform Hareketine \u015eiir Sempozyumu ve Belgesel Foto\u011fraflar<\/p>\n","protected":false},"author":1,"featured_media":15725,"comment_status":"closed","ping_status":"closed","sticky":false,"template":"","format":"standard","meta":{"footnotes":""},"categories":[573],"tags":[5882],"class_list":["post-15730","post","type-post","status-publish","format-standard","has-post-thumbnail","","category-goruntulu-olaylar","tag-reform-hareketine-siir-sempozyumu-ve-belgesel-fotograflar"],"_links":{"self":[{"href":"https:\/\/archive.sana.sy\/tr\/index.php?rest_route=\/wp\/v2\/posts\/15730","targetHints":{"allow":["GET"]}}],"collection":[{"href":"https:\/\/archive.sana.sy\/tr\/index.php?rest_route=\/wp\/v2\/posts"}],"about":[{"href":"https:\/\/archive.sana.sy\/tr\/index.php?rest_route=\/wp\/v2\/types\/post"}],"author":[{"embeddable":true,"href":"https:\/\/archive.sana.sy\/tr\/index.php?rest_route=\/wp\/v2\/users\/1"}],"replies":[{"embeddable":true,"href":"https:\/\/archive.sana.sy\/tr\/index.php?rest_route=%2Fwp%2Fv2%2Fcomments&post=15730"}],"version-history":[{"count":0,"href":"https:\/\/archive.sana.sy\/tr\/index.php?rest_route=\/wp\/v2\/posts\/15730\/revisions"}],"wp:featuredmedia":[{"embeddable":true,"href":"https:\/\/archive.sana.sy\/tr\/index.php?rest_route=\/wp\/v2\/media\/15725"}],"wp:attachment":[{"href":"https:\/\/archive.sana.sy\/tr\/index.php?rest_route=%2Fwp%2Fv2%2Fmedia&parent=15730"}],"wp:term":[{"taxonomy":"category","embeddable":true,"href":"https:\/\/archive.sana.sy\/tr\/index.php?rest_route=%2Fwp%2Fv2%2Fcategories&post=15730"},{"taxonomy":"post_tag","embeddable":true,"href":"https:\/\/archive.sana.sy\/tr\/index.php?rest_route=%2Fwp%2Fv2%2Ftags&post=15730"}],"curies":[{"name":"wp","href":"https:\/\/api.w.org\/{rel}","templated":true}]}}