{"id":157438,"date":"2018-08-13T15:30:12","date_gmt":"2018-08-13T12:30:12","guid":{"rendered":"https:\/\/www.sana.sy\/tr\/?p=157438"},"modified":"2018-08-14T13:46:39","modified_gmt":"2018-08-14T10:46:39","slug":"2-binden-fazla-gonullu-genc-kollarini-sivadi","status":"publish","type":"post","link":"https:\/\/archive.sana.sy\/tr\/?p=157438","title":{"rendered":"2 Binden Fazla G\u00f6n\u00fcll\u00fc Gen\u00e7 Kollar\u0131n\u0131 S\u0131vad\u0131"},"content":{"rendered":"<p>HOMS \u2013 Devrim Gen\u00e7li\u011fi Homs \u0130l \u015eubesi ve \u015fehir meclisinin i\u015fbirli\u011fi i\u00e7inde d\u00fczenlenen \u00e7evre kampanyas\u0131nda 2 binden fazla g\u00f6n\u00fcll\u00fc gencin yan\u0131 s\u0131ra muhtelif ya\u015flardan \u00e7ok say\u0131da vatanda\u015f Homs Kentini g\u00fczelle\u015ftirmek i\u00e7in kollar\u0131n\u0131 s\u0131vad\u0131.<\/p>\n<p><a href=\"https:\/\/www.sana.sy\/tr\/wp-content\/uploads\/2018\/08\/1-1-1.jpg\"><img loading=\"lazy\" decoding=\"async\" class=\"alignright wp-image-157440 size-medium\" style=\"line-height: 1.5\" src=\"https:\/\/www.sana.sy\/tr\/wp-content\/uploads\/2018\/08\/1-1-1-300x186.jpg\" alt=\"\" width=\"300\" height=\"186\" srcset=\"https:\/\/archive.sana.sy\/tr\/wp-content\/uploads\/2018\/08\/1-1-1-300x186.jpg 300w, https:\/\/archive.sana.sy\/tr\/wp-content\/uploads\/2018\/08\/1-1-1-150x93.jpg 150w, https:\/\/archive.sana.sy\/tr\/wp-content\/uploads\/2018\/08\/1-1-1-768x476.jpg 768w, https:\/\/archive.sana.sy\/tr\/wp-content\/uploads\/2018\/08\/1-1-1-1024x634.jpg 1024w, https:\/\/archive.sana.sy\/tr\/wp-content\/uploads\/2018\/08\/1-1-1.jpg 1200w\" sizes=\"auto, (max-width: 300px) 100vw, 300px\" \/><\/a>Kampanya organizat\u00f6rlerinden Nadiya el K\u00fcseybi; kat\u0131l\u0131m ve kapsad\u0131\u011f\u0131 semtler a\u00e7\u0131s\u0131ndan en b\u00fcy\u00fck \u00e7evre kampanyas\u0131 \u00f6zelli\u011fini ta\u015f\u0131yan bu \u00e7al\u0131\u015fman\u0131n gen\u00e7lerin ulusalc\u0131 g\u00f6n\u00fcll\u00fc \u00e7al\u0131\u015fma ruhunu yans\u0131tt\u0131\u011f\u0131na dikkat \u00e7ekti.<\/p>\n<p>Kampanya kat\u0131l\u0131mc\u0131lar\u0131 ise bu \u00e7al\u0131\u015fman\u0131n gen\u00e7lerin yeniden yap\u0131lanma s\u00fcrecine etkin ve azimli kat\u0131l\u0131m sa\u011flama kararl\u0131l\u0131klar\u0131n\u0131 ifade etti\u011fine dikkat \u00e7ekerken, vatan\u0131 iyile\u015ftirme, kalk\u0131nd\u0131rma ve savunman\u0131n her vatanda\u015f\u0131n insani, ahlaki ve ulusal bir g\u00f6revi oldu\u011funun alt\u0131n\u0131 \u00e7izdi.<\/p>\n","protected":false},"excerpt":{"rendered":"<p>HOMS \u2013 Devrim Gen\u00e7li\u011fi Homs \u0130l \u015eubesi ve \u015fehir meclisinin i\u015fbirli\u011fi i\u00e7inde d\u00fczenlenen \u00e7evre kampanyas\u0131nda 2 binden fazla g\u00f6n\u00fcll\u00fc gencin yan\u0131 s\u0131ra muhtelif ya\u015flardan \u00e7ok say\u0131da vatanda\u015f Homs Kentini g\u00fczelle\u015ftirmek i\u00e7in kollar\u0131n\u0131 s\u0131vad\u0131. Kampanya organizat\u00f6rlerinden Nadiya el K\u00fcseybi; kat\u0131l\u0131m ve kapsad\u0131\u011f\u0131 semtler a\u00e7\u0131s\u0131ndan en b\u00fcy\u00fck \u00e7evre kampanyas\u0131 \u00f6zelli\u011fini ta\u015f\u0131yan bu \u00e7al\u0131\u015fman\u0131n gen\u00e7lerin ulusalc\u0131 g\u00f6n\u00fcll\u00fc \u00e7al\u0131\u015fma &hellip;<\/p>\n","protected":false},"author":1,"featured_media":157439,"comment_status":"closed","ping_status":"closed","sticky":false,"template":"","format":"standard","meta":{"footnotes":""},"categories":[526,479,541,17988,525,538,478],"tags":[37208,18695,1293,32116],"class_list":["post-157438","post","type-post","status-publish","format-standard","has-post-thumbnail","","category-haber-ve-raporlar","category-haberler-yerel","category-haberler","category-son-haberler","category-toplum","category-yasam","category-yerel","tag-devrim-gencligi","tag-gonullu","tag-homs","tag-vatandas"],"_links":{"self":[{"href":"https:\/\/archive.sana.sy\/tr\/index.php?rest_route=\/wp\/v2\/posts\/157438","targetHints":{"allow":["GET"]}}],"collection":[{"href":"https:\/\/archive.sana.sy\/tr\/index.php?rest_route=\/wp\/v2\/posts"}],"about":[{"href":"https:\/\/archive.sana.sy\/tr\/index.php?rest_route=\/wp\/v2\/types\/post"}],"author":[{"embeddable":true,"href":"https:\/\/archive.sana.sy\/tr\/index.php?rest_route=\/wp\/v2\/users\/1"}],"replies":[{"embeddable":true,"href":"https:\/\/archive.sana.sy\/tr\/index.php?rest_route=%2Fwp%2Fv2%2Fcomments&post=157438"}],"version-history":[{"count":0,"href":"https:\/\/archive.sana.sy\/tr\/index.php?rest_route=\/wp\/v2\/posts\/157438\/revisions"}],"wp:featuredmedia":[{"embeddable":true,"href":"https:\/\/archive.sana.sy\/tr\/index.php?rest_route=\/wp\/v2\/media\/157439"}],"wp:attachment":[{"href":"https:\/\/archive.sana.sy\/tr\/index.php?rest_route=%2Fwp%2Fv2%2Fmedia&parent=157438"}],"wp:term":[{"taxonomy":"category","embeddable":true,"href":"https:\/\/archive.sana.sy\/tr\/index.php?rest_route=%2Fwp%2Fv2%2Fcategories&post=157438"},{"taxonomy":"post_tag","embeddable":true,"href":"https:\/\/archive.sana.sy\/tr\/index.php?rest_route=%2Fwp%2Fv2%2Ftags&post=157438"}],"curies":[{"name":"wp","href":"https:\/\/api.w.org\/{rel}","templated":true}]}}