{"id":157659,"date":"2018-08-16T14:40:33","date_gmt":"2018-08-16T11:40:33","guid":{"rendered":"https:\/\/www.sana.sy\/tr\/?p=157659"},"modified":"2018-08-17T12:13:41","modified_gmt":"2018-08-17T09:13:41","slug":"klasik-caglardan-kalma-eserler-bulundu","status":"publish","type":"post","link":"https:\/\/archive.sana.sy\/tr\/?p=157659","title":{"rendered":"Klasik \u00c7a\u011flardan Kalma Eserler Bulundu"},"content":{"rendered":"<p>S\u00dcVEYDA \u2013 S\u00fcveyda \u0130l Arkeoloji M\u00fcd\u00fcrl\u00fc\u011f\u00fcne tabi kaz\u0131 ekiplerinin S\u00fcveyda Kentinin eski semtlerinde B\u00fcy\u00fck Kilise Mevkiinde bulundu\u011fu tarihi eser kaz\u0131 \u00e7al\u0131\u015fmalar\u0131nda klasik \u00e7a\u011flara ait eserler buldu.<\/p>\n<p>\u0130l Arkeoloji M\u00fcd\u00fcr\u00fc Ne\u015fat Kivan SANA\u2019ya yapt\u0131\u011f\u0131 a\u00e7\u0131klamada; tarihi eser kaz\u0131lar\u0131 esnas\u0131nda kilise taban\u0131ndan ibaret b\u00fcy\u00fck bir mozaik levhas\u0131n\u0131n yan\u0131 s\u0131ra kap\u0131lar, i\u015flemeli s\u00fctun ba\u015fl\u0131klar\u0131, eski paralar ve \u00e7\u00f6mleklerin bulundu\u011funu a\u00e7\u0131klad\u0131.<\/p>\n<p>Kivan Kilisenin eski S\u00fcveyda Kentinin en \u00f6nemli tarihi eserlerinden biri oldu\u011funa dikkat \u00e7ekerken, b\u00f6lgede arkeolojik kaz\u0131 \u00e7al\u0131\u015fmalar\u0131n\u0131n devam etti\u011fini kaydetti.<\/p>\n<p>Baal Shamen Tap\u0131na\u011f\u0131nda da arkeolojik kaz\u0131 \u00e7al\u0131\u015fmalar\u0131n\u0131n devam etti\u011fini s\u00f6yleyen Kivan; burada da \u00f6nemli eserlerin bulundu\u011funu a\u00e7\u0131klad\u0131.<\/p>\n<div id='gallery-1' class='gallery galleryid-157659 gallery-columns-5 gallery-size-thumbnail'><figure class='gallery-item'>\n\t\t\t<div class='gallery-icon landscape'>\n\t\t\t\t<a href='https:\/\/archive.sana.sy\/tr\/wp-content\/uploads\/2018\/08\/1-86.jpg'><img loading=\"lazy\" decoding=\"async\" width=\"150\" height=\"106\" src=\"https:\/\/archive.sana.sy\/tr\/wp-content\/uploads\/2018\/08\/1-86-150x106.jpg\" class=\"attachment-thumbnail size-thumbnail\" alt=\"\" srcset=\"https:\/\/archive.sana.sy\/tr\/wp-content\/uploads\/2018\/08\/1-86-150x106.jpg 150w, https:\/\/archive.sana.sy\/tr\/wp-content\/uploads\/2018\/08\/1-86-300x211.jpg 300w, https:\/\/archive.sana.sy\/tr\/wp-content\/uploads\/2018\/08\/1-86-768x541.jpg 768w, https:\/\/archive.sana.sy\/tr\/wp-content\/uploads\/2018\/08\/1-86-1024x721.jpg 1024w, https:\/\/archive.sana.sy\/tr\/wp-content\/uploads\/2018\/08\/1-86.jpg 1040w\" sizes=\"auto, (max-width: 150px) 100vw, 150px\" \/><\/a>\n\t\t\t<\/div><\/figure><figure class='gallery-item'>\n\t\t\t<div class='gallery-icon landscape'>\n\t\t\t\t<a href='https:\/\/archive.sana.sy\/tr\/wp-content\/uploads\/2018\/08\/2-45.jpg'><img loading=\"lazy\" decoding=\"async\" width=\"150\" height=\"105\" src=\"https:\/\/archive.sana.sy\/tr\/wp-content\/uploads\/2018\/08\/2-45-150x105.jpg\" class=\"attachment-thumbnail size-thumbnail\" alt=\"\" srcset=\"https:\/\/archive.sana.sy\/tr\/wp-content\/uploads\/2018\/08\/2-45-150x105.jpg 150w, https:\/\/archive.sana.sy\/tr\/wp-content\/uploads\/2018\/08\/2-45-300x211.jpg 300w, https:\/\/archive.sana.sy\/tr\/wp-content\/uploads\/2018\/08\/2-45-768x540.jpg 768w, https:\/\/archive.sana.sy\/tr\/wp-content\/uploads\/2018\/08\/2-45.jpg 965w\" sizes=\"auto, (max-width: 150px) 100vw, 150px\" \/><\/a>\n\t\t\t<\/div><\/figure><figure class='gallery-item'>\n\t\t\t<div class='gallery-icon landscape'>\n\t\t\t\t<a href='https:\/\/archive.sana.sy\/tr\/wp-content\/uploads\/2018\/08\/3-36.jpg'><img loading=\"lazy\" decoding=\"async\" width=\"150\" height=\"113\" src=\"https:\/\/archive.sana.sy\/tr\/wp-content\/uploads\/2018\/08\/3-36-150x113.jpg\" class=\"attachment-thumbnail size-thumbnail\" alt=\"\" srcset=\"https:\/\/archive.sana.sy\/tr\/wp-content\/uploads\/2018\/08\/3-36-150x113.jpg 150w, https:\/\/archive.sana.sy\/tr\/wp-content\/uploads\/2018\/08\/3-36-300x225.jpg 300w, https:\/\/archive.sana.sy\/tr\/wp-content\/uploads\/2018\/08\/3-36-768x576.jpg 768w, https:\/\/archive.sana.sy\/tr\/wp-content\/uploads\/2018\/08\/3-36-1024x768.jpg 1024w, https:\/\/archive.sana.sy\/tr\/wp-content\/uploads\/2018\/08\/3-36.jpg 1040w\" sizes=\"auto, (max-width: 150px) 100vw, 150px\" \/><\/a>\n\t\t\t<\/div><\/figure><figure class='gallery-item'>\n\t\t\t<div class='gallery-icon portrait'>\n\t\t\t\t<a href='https:\/\/archive.sana.sy\/tr\/wp-content\/uploads\/2018\/08\/4-20.jpg'><img loading=\"lazy\" decoding=\"async\" width=\"113\" height=\"150\" src=\"https:\/\/archive.sana.sy\/tr\/wp-content\/uploads\/2018\/08\/4-20-113x150.jpg\" class=\"attachment-thumbnail size-thumbnail\" alt=\"\" srcset=\"https:\/\/archive.sana.sy\/tr\/wp-content\/uploads\/2018\/08\/4-20-113x150.jpg 113w, https:\/\/archive.sana.sy\/tr\/wp-content\/uploads\/2018\/08\/4-20-225x300.jpg 225w, https:\/\/archive.sana.sy\/tr\/wp-content\/uploads\/2018\/08\/4-20-768x1024.jpg 768w, https:\/\/archive.sana.sy\/tr\/wp-content\/uploads\/2018\/08\/4-20.jpg 780w\" sizes=\"auto, (max-width: 113px) 100vw, 113px\" \/><\/a>\n\t\t\t<\/div><\/figure><figure class='gallery-item'>\n\t\t\t<div class='gallery-icon portrait'>\n\t\t\t\t<a href='https:\/\/archive.sana.sy\/tr\/wp-content\/uploads\/2018\/08\/5-15.jpg'><img loading=\"lazy\" decoding=\"async\" width=\"113\" height=\"150\" src=\"https:\/\/archive.sana.sy\/tr\/wp-content\/uploads\/2018\/08\/5-15-113x150.jpg\" class=\"attachment-thumbnail size-thumbnail\" alt=\"\" srcset=\"https:\/\/archive.sana.sy\/tr\/wp-content\/uploads\/2018\/08\/5-15-113x150.jpg 113w, https:\/\/archive.sana.sy\/tr\/wp-content\/uploads\/2018\/08\/5-15-225x300.jpg 225w, https:\/\/archive.sana.sy\/tr\/wp-content\/uploads\/2018\/08\/5-15-768x1024.jpg 768w, https:\/\/archive.sana.sy\/tr\/wp-content\/uploads\/2018\/08\/5-15.jpg 780w\" sizes=\"auto, (max-width: 113px) 100vw, 113px\" \/><\/a>\n\t\t\t<\/div><\/figure>\n\t\t<\/div>\n\n","protected":false},"excerpt":{"rendered":"<p>S\u00dcVEYDA \u2013 S\u00fcveyda \u0130l Arkeoloji M\u00fcd\u00fcrl\u00fc\u011f\u00fcne tabi kaz\u0131 ekiplerinin S\u00fcveyda Kentinin eski semtlerinde B\u00fcy\u00fck Kilise Mevkiinde bulundu\u011fu tarihi eser kaz\u0131 \u00e7al\u0131\u015fmalar\u0131nda klasik \u00e7a\u011flara ait eserler buldu. \u0130l Arkeoloji M\u00fcd\u00fcr\u00fc Ne\u015fat Kivan SANA\u2019ya yapt\u0131\u011f\u0131 a\u00e7\u0131klamada; tarihi eser kaz\u0131lar\u0131 esnas\u0131nda kilise taban\u0131ndan ibaret b\u00fcy\u00fck bir mozaik levhas\u0131n\u0131n yan\u0131 s\u0131ra kap\u0131lar, i\u015flemeli s\u00fctun ba\u015fl\u0131klar\u0131, eski paralar ve \u00e7\u00f6mleklerin &hellip;<\/p>\n","protected":false},"author":1,"featured_media":157665,"comment_status":"closed","ping_status":"closed","sticky":false,"template":"","format":"standard","meta":{"footnotes":""},"categories":[596,516,479,511,17988,478],"tags":[16591,22181,20142],"class_list":["post-157659","post","type-post","status-publish","format-standard","has-post-thumbnail","","category-fotografli-raporlar","category-haberler-kultur-ve-sanat","category-haberler-yerel","category-kultur-ve-sanat","category-son-haberler","category-yerel","tag-suriye","tag-suriyeliler","tag-tarihi-eser"],"_links":{"self":[{"href":"https:\/\/archive.sana.sy\/tr\/index.php?rest_route=\/wp\/v2\/posts\/157659","targetHints":{"allow":["GET"]}}],"collection":[{"href":"https:\/\/archive.sana.sy\/tr\/index.php?rest_route=\/wp\/v2\/posts"}],"about":[{"href":"https:\/\/archive.sana.sy\/tr\/index.php?rest_route=\/wp\/v2\/types\/post"}],"author":[{"embeddable":true,"href":"https:\/\/archive.sana.sy\/tr\/index.php?rest_route=\/wp\/v2\/users\/1"}],"replies":[{"embeddable":true,"href":"https:\/\/archive.sana.sy\/tr\/index.php?rest_route=%2Fwp%2Fv2%2Fcomments&post=157659"}],"version-history":[{"count":0,"href":"https:\/\/archive.sana.sy\/tr\/index.php?rest_route=\/wp\/v2\/posts\/157659\/revisions"}],"wp:featuredmedia":[{"embeddable":true,"href":"https:\/\/archive.sana.sy\/tr\/index.php?rest_route=\/wp\/v2\/media\/157665"}],"wp:attachment":[{"href":"https:\/\/archive.sana.sy\/tr\/index.php?rest_route=%2Fwp%2Fv2%2Fmedia&parent=157659"}],"wp:term":[{"taxonomy":"category","embeddable":true,"href":"https:\/\/archive.sana.sy\/tr\/index.php?rest_route=%2Fwp%2Fv2%2Fcategories&post=157659"},{"taxonomy":"post_tag","embeddable":true,"href":"https:\/\/archive.sana.sy\/tr\/index.php?rest_route=%2Fwp%2Fv2%2Ftags&post=157659"}],"curies":[{"name":"wp","href":"https:\/\/api.w.org\/{rel}","templated":true}]}}