{"id":157693,"date":"2018-08-16T23:16:57","date_gmt":"2018-08-16T20:16:57","guid":{"rendered":"https:\/\/www.sana.sy\/tr\/?p=157693"},"modified":"2018-08-17T14:57:25","modified_gmt":"2018-08-17T11:57:25","slug":"burslulara-tayinleri-icin-6-ay-sure-tanindi","status":"publish","type":"post","link":"https:\/\/archive.sana.sy\/tr\/?p=157693","title":{"rendered":"Yurtd\u0131\u015f\u0131na G\u00f6nderilenlere \u0130li\u015fkin Yasama Karar\u0131 Onayland\u0131"},"content":{"rendered":"<p>\u015eAM \u2013 Cumhurba\u015fkan\u0131 Be\u015f\u015far el Esad 2011 y\u0131l\u0131ndan sonra yurtd\u0131\u015f\u0131na \u00f6\u011fretim amac\u0131yla g\u00f6nderilen Suriyelilerin atamalar\u0131na ili\u015fkin 2018\/12 say\u0131l\u0131 yasama karar\u0131n\u0131 onaylad\u0131.<\/p>\n<p>Yasama karar\u0131nda s\u00f6z konusu ki\u015finin 15-03-2011 tarihinden sonra yurtd\u0131\u015f\u0131na g\u00f6nderilmesi karar\u0131nda \u00f6ng\u00f6r\u00fclen diplomay\u0131 bu karar tarihinden \u00f6nce elde etmesi halinde alt\u0131 ayl\u0131k s\u00fcre i\u00e7inde gerekli evraklar\u0131 tamamlamas\u0131 ko\u015fuluyla atanmas\u0131n\u0131 \u00f6ng\u00f6r\u00fcl\u00fcyor.<\/p>\n","protected":false},"excerpt":{"rendered":"<p>\u015eAM \u2013 Cumhurba\u015fkan\u0131 Be\u015f\u015far el Esad 2011 y\u0131l\u0131ndan sonra yurtd\u0131\u015f\u0131na \u00f6\u011fretim amac\u0131yla g\u00f6nderilen Suriyelilerin atamalar\u0131na ili\u015fkin 2018\/12 say\u0131l\u0131 yasama karar\u0131n\u0131 onaylad\u0131. Yasama karar\u0131nda s\u00f6z konusu ki\u015finin 15-03-2011 tarihinden sonra yurtd\u0131\u015f\u0131na g\u00f6nderilmesi karar\u0131nda \u00f6ng\u00f6r\u00fclen diplomay\u0131 bu karar tarihinden \u00f6nce elde etmesi halinde alt\u0131 ayl\u0131k s\u00fcre i\u00e7inde gerekli evraklar\u0131 tamamlamas\u0131 ko\u015fuluyla atanmas\u0131n\u0131 \u00f6ng\u00f6r\u00fcl\u00fcyor.<\/p>\n","protected":false},"author":1,"featured_media":148639,"comment_status":"closed","ping_status":"closed","sticky":false,"template":"","format":"standard","meta":{"footnotes":""},"categories":[606,479,17988,612,599,478],"tags":[37223],"class_list":["post-157693","post","type-post","status-publish","format-standard","has-post-thumbnail","","category-cumhurbaskani","category-haberler-yerel","category-son-haberler","category-yasama-kararnameler","category-yasama-ve-kanunlar","category-yerel","tag-burslulara-tayinleri-icin-6-ay-sure-tanindi"],"_links":{"self":[{"href":"https:\/\/archive.sana.sy\/tr\/index.php?rest_route=\/wp\/v2\/posts\/157693","targetHints":{"allow":["GET"]}}],"collection":[{"href":"https:\/\/archive.sana.sy\/tr\/index.php?rest_route=\/wp\/v2\/posts"}],"about":[{"href":"https:\/\/archive.sana.sy\/tr\/index.php?rest_route=\/wp\/v2\/types\/post"}],"author":[{"embeddable":true,"href":"https:\/\/archive.sana.sy\/tr\/index.php?rest_route=\/wp\/v2\/users\/1"}],"replies":[{"embeddable":true,"href":"https:\/\/archive.sana.sy\/tr\/index.php?rest_route=%2Fwp%2Fv2%2Fcomments&post=157693"}],"version-history":[{"count":0,"href":"https:\/\/archive.sana.sy\/tr\/index.php?rest_route=\/wp\/v2\/posts\/157693\/revisions"}],"wp:featuredmedia":[{"embeddable":true,"href":"https:\/\/archive.sana.sy\/tr\/index.php?rest_route=\/wp\/v2\/media\/148639"}],"wp:attachment":[{"href":"https:\/\/archive.sana.sy\/tr\/index.php?rest_route=%2Fwp%2Fv2%2Fmedia&parent=157693"}],"wp:term":[{"taxonomy":"category","embeddable":true,"href":"https:\/\/archive.sana.sy\/tr\/index.php?rest_route=%2Fwp%2Fv2%2Fcategories&post=157693"},{"taxonomy":"post_tag","embeddable":true,"href":"https:\/\/archive.sana.sy\/tr\/index.php?rest_route=%2Fwp%2Fv2%2Ftags&post=157693"}],"curies":[{"name":"wp","href":"https:\/\/api.w.org\/{rel}","templated":true}]}}