{"id":157755,"date":"2018-08-17T23:58:44","date_gmt":"2018-08-17T20:58:44","guid":{"rendered":"https:\/\/www.sana.sy\/tr\/?p=157755"},"modified":"2018-08-18T13:31:56","modified_gmt":"2018-08-18T10:31:56","slug":"ordu-tulul-el-safadaki-operasyonlarda-isid-teroristlerine-yonelik-cemberi-daraltti","status":"publish","type":"post","link":"https:\/\/archive.sana.sy\/tr\/?p=157755","title":{"rendered":"\u0130\u00e7ine D\u00fc\u015ft\u00fckleri S\u0131k\u0131 \u00c7emberi K\u0131rmaya \u00c7al\u0131\u015fan Ter\u00f6ristler \u00d6ld\u00fcr\u00fcld\u00fc"},"content":{"rendered":"<p style=\"text-align: left\">S\u00dcVEYDA &#8211; Ordu birliklerimiz bug\u00fcn destek\u00e7i g\u00fc\u00e7lerle i\u015fbirli\u011fi i\u00e7inde S\u00fcveyda Do\u011fu Badiyesinin Tlul el Safa B\u00f6lgesinde radikal ter\u00f6r \u00f6rg\u00fct\u00fc I\u015e\u0130D\u2019e y\u00f6nelik operasyonlarda ter\u00f6ristler \u00fczerindeki \u00e7emberi daralt\u0131p onlar\u0131 b\u00fcy\u00fck kay\u0131plara u\u011fratt\u0131.<\/p>\n<p style=\"text-align: left\">SANA sava\u015f muhabiri, destek\u00e7i g\u00fc\u00e7lerce destekli ordu birliklerimizin Rahbe, Tel \u011eanem, Um Merzah, \u015eeyh Haseyin Mezar\u0131 eksenlerindeki operasyonlar\u0131n\u0131 Tlul el Safa y\u00f6n\u00fcne do\u011fu s\u00fcrd\u00fcrd\u00fc\u011f\u00fcn\u00fc belirtti. Muhabir I\u015e\u0130D&#8217;ten geri kalan ter\u00f6ristlere y\u00f6nelik \u00e7emberin daha da daralt\u0131ld\u0131\u011f\u0131na dikkat \u00e7ekerken; h\u00fccrelerinin imha edilip hareketlenmerinin tamamen sekteye u\u011frat\u0131ld\u0131\u011f\u0131n\u0131 ve \u00e7ok say\u0131da ter\u00f6risti \u00f6ld\u00fcrd\u00fcklerini belirtti<\/p>\n<p style=\"text-align: left\">Muhabir, ordu birliklerimizin I\u015e\u0130D\u2019\u0130n Tlul el Safa&#8217;daki siper, karargah ve h\u00fccrelerini yo\u011fun ate\u015fe tutmalar\u0131yla \u00e7ok say\u0131da ter\u00f6ristin \u00f6ld\u00fcr\u00fcld\u00fc\u011f\u00fcne dikkat \u00e7ekti.<\/p>\n<p style=\"text-align: left\">Tlul el Safa ekseni \u015eeyh H\u00fcseyin Mezar\u0131 \u00e7evresinde ordu birliklerimiz ile i\u00e7inde s\u0131k\u0131\u015ft\u0131klar\u0131 \u00e7emberi k\u0131rmaya \u00e7al\u0131\u015fan I\u015e\u0130D ter\u00f6ristleri aras\u0131nda \u015fiddetli \u00e7at\u0131\u015fmalar ya\u015fand\u0131\u011f\u0131n\u0131 ifade eden muhabir; \u00e7at\u0131\u015fmalarda I\u015e\u0130D saflar\u0131nda \u00e7ok say\u0131da \u00f6l\u00fc ve yaral\u0131n\u0131n d\u00fc\u015ft\u00fc\u011f\u00fcn\u00fc s\u00f6yledi.<\/p>\n","protected":false},"excerpt":{"rendered":"<p>S\u00dcVEYDA &#8211; Ordu birliklerimiz bug\u00fcn destek\u00e7i g\u00fc\u00e7lerle i\u015fbirli\u011fi i\u00e7inde S\u00fcveyda Do\u011fu Badiyesinin Tlul el Safa B\u00f6lgesinde radikal ter\u00f6r \u00f6rg\u00fct\u00fc I\u015e\u0130D\u2019e y\u00f6nelik operasyonlarda ter\u00f6ristler \u00fczerindeki \u00e7emberi daralt\u0131p onlar\u0131 b\u00fcy\u00fck kay\u0131plara u\u011fratt\u0131. SANA sava\u015f muhabiri, destek\u00e7i g\u00fc\u00e7lerce destekli ordu birliklerimizin Rahbe, Tel \u011eanem, Um Merzah, \u015eeyh Haseyin Mezar\u0131 eksenlerindeki operasyonlar\u0131n\u0131 Tlul el Safa y\u00f6n\u00fcne do\u011fu s\u00fcrd\u00fcrd\u00fc\u011f\u00fcn\u00fc belirtti. &hellip;<\/p>\n","protected":false},"author":1,"featured_media":157756,"comment_status":"closed","ping_status":"closed","sticky":false,"template":"","format":"standard","meta":{"footnotes":""},"categories":[479,575,17988,478],"tags":[29636,10456,18237,18576,18577,2318,11549],"class_list":["post-157755","post","type-post","status-publish","format-standard","has-post-thumbnail","","category-haberler-yerel","category-olaylar-ve-gercekler","category-son-haberler","category-yerel","tag-abd-gucleri","tag-badiye","tag-cihatcilar","tag-daes","tag-deas","tag-isid","tag-suriye-ordusu"],"_links":{"self":[{"href":"https:\/\/archive.sana.sy\/tr\/index.php?rest_route=\/wp\/v2\/posts\/157755","targetHints":{"allow":["GET"]}}],"collection":[{"href":"https:\/\/archive.sana.sy\/tr\/index.php?rest_route=\/wp\/v2\/posts"}],"about":[{"href":"https:\/\/archive.sana.sy\/tr\/index.php?rest_route=\/wp\/v2\/types\/post"}],"author":[{"embeddable":true,"href":"https:\/\/archive.sana.sy\/tr\/index.php?rest_route=\/wp\/v2\/users\/1"}],"replies":[{"embeddable":true,"href":"https:\/\/archive.sana.sy\/tr\/index.php?rest_route=%2Fwp%2Fv2%2Fcomments&post=157755"}],"version-history":[{"count":0,"href":"https:\/\/archive.sana.sy\/tr\/index.php?rest_route=\/wp\/v2\/posts\/157755\/revisions"}],"wp:featuredmedia":[{"embeddable":true,"href":"https:\/\/archive.sana.sy\/tr\/index.php?rest_route=\/wp\/v2\/media\/157756"}],"wp:attachment":[{"href":"https:\/\/archive.sana.sy\/tr\/index.php?rest_route=%2Fwp%2Fv2%2Fmedia&parent=157755"}],"wp:term":[{"taxonomy":"category","embeddable":true,"href":"https:\/\/archive.sana.sy\/tr\/index.php?rest_route=%2Fwp%2Fv2%2Fcategories&post=157755"},{"taxonomy":"post_tag","embeddable":true,"href":"https:\/\/archive.sana.sy\/tr\/index.php?rest_route=%2Fwp%2Fv2%2Ftags&post=157755"}],"curies":[{"name":"wp","href":"https:\/\/api.w.org\/{rel}","templated":true}]}}