{"id":157784,"date":"2018-08-18T13:43:05","date_gmt":"2018-08-18T10:43:05","guid":{"rendered":"https:\/\/www.sana.sy\/tr\/?p=157784"},"modified":"2018-08-19T12:32:51","modified_gmt":"2018-08-19T09:32:51","slug":"kultur-bakanligi-zengin-bir-katilimda-bulunacak","status":"publish","type":"post","link":"https:\/\/archive.sana.sy\/tr\/?p=157784","title":{"rendered":"K\u00fclt\u00fcr Bakanl\u0131\u011f\u0131 Zengin Bir Kat\u0131l\u0131mda Bulunacak"},"content":{"rendered":"<p>\u015eAM \u2013 K\u00fclt\u00fcr Bakanl\u0131\u011f\u0131 6 ila 15 Eyl\u00fcl tarihleri aras\u0131nda yerel ve uluslar aras\u0131 yo\u011fun bir ilgiyle d\u00fczenlenmesi beklenen 60. Uluslararas\u0131 \u015eam Fuar\u0131na geni\u015f ve zengin bir kat\u0131l\u0131mda bulunaca\u011f\u0131n\u0131 a\u00e7\u0131klad\u0131.<\/p>\n<p>K\u00fclt\u00fcr Bakan\u0131 M\u00fcste\u015far\u0131 Nezih el Huri SANA\u2019ya yapt\u0131\u011f\u0131 a\u00e7\u0131klamada; bakanl\u0131\u011f\u0131n bu d\u00f6nem fuar faaliyetlerine olduk\u00e7a zengin bir kat\u0131l\u0131mda bulunaca\u011f\u0131n\u0131 s\u00f6yledi. Huri K\u00fclt\u00fcr Bakanl\u0131\u011f\u0131 stand\u0131nda bakanl\u0131\u011fa tabi t\u00fcm kurum, merkez ve m\u00fcd\u00fcrl\u00fckleri faaliyetleriyle birlikte tan\u0131tan bir b\u00f6l\u00fcm yer alaca\u011f\u0131na dikkat \u00e7ekti.<\/p>\n<p>Fuarda yap\u0131lan ve yap\u0131lacak k\u00fclt\u00fcrel faaliyetler program\u0131n\u0131n da tan\u0131t\u0131laca\u011f\u0131n\u0131 s\u00f6yleyen Huri; ayn\u0131 zamanda ter\u00f6ristlerin y\u0131llard\u0131r tarihi eserler ve arkeolojik b\u00f6lgelere verdikleri hasara dikkat \u00e7eken bir foto\u011fraf sergisinin de olaca\u011f\u0131n\u0131 ifade etti. Huri foto\u011fraf sergisinde sabote edilen tarihi eserlerin restorasyon \u00e7al\u0131\u015fmalar\u0131na da \u0131\u015f\u0131k tutulaca\u011f\u0131n\u0131 kaydetti.<\/p>\n<p>Huri bakanl\u0131k stand\u0131nda ayr\u0131ca Suriye ve halk\u0131n\u0131 hedef alan sava\u015f\u0131 konu alan sinema filmlerinin yan\u0131 s\u0131ra Suriye sinemas\u0131n\u0131n tarihi ve eserlerine \u0131\u015f\u0131k tutan faaliyetin olaca\u011f\u0131n\u0131 s\u00f6zlerine ekledi.<\/p>\n","protected":false},"excerpt":{"rendered":"<p>\u015eAM \u2013 K\u00fclt\u00fcr Bakanl\u0131\u011f\u0131 6 ila 15 Eyl\u00fcl tarihleri aras\u0131nda yerel ve uluslar aras\u0131 yo\u011fun bir ilgiyle d\u00fczenlenmesi beklenen 60. Uluslararas\u0131 \u015eam Fuar\u0131na geni\u015f ve zengin bir kat\u0131l\u0131mda bulunaca\u011f\u0131n\u0131 a\u00e7\u0131klad\u0131. K\u00fclt\u00fcr Bakan\u0131 M\u00fcste\u015far\u0131 Nezih el Huri SANA\u2019ya yapt\u0131\u011f\u0131 a\u00e7\u0131klamada; bakanl\u0131\u011f\u0131n bu d\u00f6nem fuar faaliyetlerine olduk\u00e7a zengin bir kat\u0131l\u0131mda bulunaca\u011f\u0131n\u0131 s\u00f6yledi. Huri K\u00fclt\u00fcr Bakanl\u0131\u011f\u0131 stand\u0131nda bakanl\u0131\u011fa &hellip;<\/p>\n","protected":false},"author":1,"featured_media":157790,"comment_status":"closed","ping_status":"closed","sticky":false,"template":"","format":"standard","meta":{"footnotes":""},"categories":[516,479,511,17988,36578,478],"tags":[37230,20692,2509],"class_list":["post-157784","post","type-post","status-publish","format-standard","has-post-thumbnail","","category-haberler-kultur-ve-sanat","category-haberler-yerel","category-kultur-ve-sanat","category-son-haberler","category-uluslararasi-sam-fuari","category-yerel","tag-60-uluslararasi-sam-fuari","tag-kultur-bakanligi","tag-teroristlerin"],"_links":{"self":[{"href":"https:\/\/archive.sana.sy\/tr\/index.php?rest_route=\/wp\/v2\/posts\/157784","targetHints":{"allow":["GET"]}}],"collection":[{"href":"https:\/\/archive.sana.sy\/tr\/index.php?rest_route=\/wp\/v2\/posts"}],"about":[{"href":"https:\/\/archive.sana.sy\/tr\/index.php?rest_route=\/wp\/v2\/types\/post"}],"author":[{"embeddable":true,"href":"https:\/\/archive.sana.sy\/tr\/index.php?rest_route=\/wp\/v2\/users\/1"}],"replies":[{"embeddable":true,"href":"https:\/\/archive.sana.sy\/tr\/index.php?rest_route=%2Fwp%2Fv2%2Fcomments&post=157784"}],"version-history":[{"count":0,"href":"https:\/\/archive.sana.sy\/tr\/index.php?rest_route=\/wp\/v2\/posts\/157784\/revisions"}],"wp:featuredmedia":[{"embeddable":true,"href":"https:\/\/archive.sana.sy\/tr\/index.php?rest_route=\/wp\/v2\/media\/157790"}],"wp:attachment":[{"href":"https:\/\/archive.sana.sy\/tr\/index.php?rest_route=%2Fwp%2Fv2%2Fmedia&parent=157784"}],"wp:term":[{"taxonomy":"category","embeddable":true,"href":"https:\/\/archive.sana.sy\/tr\/index.php?rest_route=%2Fwp%2Fv2%2Fcategories&post=157784"},{"taxonomy":"post_tag","embeddable":true,"href":"https:\/\/archive.sana.sy\/tr\/index.php?rest_route=%2Fwp%2Fv2%2Ftags&post=157784"}],"curies":[{"name":"wp","href":"https:\/\/api.w.org\/{rel}","templated":true}]}}