{"id":157792,"date":"2018-08-18T13:51:11","date_gmt":"2018-08-18T10:51:11","guid":{"rendered":"https:\/\/www.sana.sy\/tr\/?p=157792"},"modified":"2018-08-19T12:32:48","modified_gmt":"2018-08-19T09:32:48","slug":"hasekede-polis-ve-subay-devresine-mezuniyet-toreni-duzenlendi","status":"publish","type":"post","link":"https:\/\/archive.sana.sy\/tr\/?p=157792","title":{"rendered":"Haseke\u2019de Polis ve Subay Devresine Mezuniyet T\u00f6reni D\u00fczenlendi"},"content":{"rendered":"<p>HASEKE \u2013 Haseke \u0130l Emniyet M\u00fcd\u00fcrl\u00fc\u011f\u00fcn\u00fcn 8. Polis ve Subay Devresinden mezun olan i\u00e7 g\u00fcvenlik g\u00fc\u00e7leri ve komiserlere mezuniyet t\u00f6reni d\u00fczenlendi.<\/p>\n<p>Haseke Kentinde G\u00fcvenlik ve Asayi\u015fi Koruma Taburunda d\u00fczenlenen mezuniyet t\u00f6reninde mezun olanlar alt\u0131 ayl\u0131k devre boyunca ald\u0131klar\u0131 e\u011fitim ve kazand\u0131klar\u0131 performansa \u0131\u015f\u0131k tutan askeri ve spor sunumlar\u0131 takdim ettiler.<\/p>\n<p>T\u00f6rende yap\u0131lan konu\u015fmalarda ise Haseke \u0130linden i\u00e7 g\u00fcvenlik g\u00fc\u00e7lerine kat\u0131lan gen\u00e7lerin vatan ve vatanda\u015flar\u0131 savunma azimlerinde bu e\u011fitimin \u00f6nemine dikkat \u00e7ekildi.<\/p>\n<div id='gallery-1' class='gallery galleryid-157792 gallery-columns-1 gallery-size-large'><figure class='gallery-item'>\n\t\t\t<div class='gallery-icon landscape'>\n\t\t\t\t<a href='https:\/\/archive.sana.sy\/tr\/wp-content\/uploads\/2018\/08\/1-4-2.jpg'><img loading=\"lazy\" decoding=\"async\" width=\"618\" height=\"353\" src=\"https:\/\/archive.sana.sy\/tr\/wp-content\/uploads\/2018\/08\/1-4-2-1024x585.jpg\" class=\"attachment-large size-large\" alt=\"\" srcset=\"https:\/\/archive.sana.sy\/tr\/wp-content\/uploads\/2018\/08\/1-4-2-1024x585.jpg 1024w, https:\/\/archive.sana.sy\/tr\/wp-content\/uploads\/2018\/08\/1-4-2-150x86.jpg 150w, https:\/\/archive.sana.sy\/tr\/wp-content\/uploads\/2018\/08\/1-4-2-300x171.jpg 300w, https:\/\/archive.sana.sy\/tr\/wp-content\/uploads\/2018\/08\/1-4-2-768x438.jpg 768w, https:\/\/archive.sana.sy\/tr\/wp-content\/uploads\/2018\/08\/1-4-2.jpg 1200w\" sizes=\"auto, (max-width: 618px) 100vw, 618px\" \/><\/a>\n\t\t\t<\/div><\/figure><figure class='gallery-item'>\n\t\t\t<div class='gallery-icon landscape'>\n\t\t\t\t<a href='https:\/\/archive.sana.sy\/tr\/wp-content\/uploads\/2018\/08\/1-7-1.jpg'><img loading=\"lazy\" decoding=\"async\" width=\"618\" height=\"348\" src=\"https:\/\/archive.sana.sy\/tr\/wp-content\/uploads\/2018\/08\/1-7-1-1024x576.jpg\" class=\"attachment-large size-large\" alt=\"\" srcset=\"https:\/\/archive.sana.sy\/tr\/wp-content\/uploads\/2018\/08\/1-7-1-1024x576.jpg 1024w, https:\/\/archive.sana.sy\/tr\/wp-content\/uploads\/2018\/08\/1-7-1-150x84.jpg 150w, https:\/\/archive.sana.sy\/tr\/wp-content\/uploads\/2018\/08\/1-7-1-300x169.jpg 300w, https:\/\/archive.sana.sy\/tr\/wp-content\/uploads\/2018\/08\/1-7-1-768x432.jpg 768w, https:\/\/archive.sana.sy\/tr\/wp-content\/uploads\/2018\/08\/1-7-1.jpg 1200w\" sizes=\"auto, (max-width: 618px) 100vw, 618px\" \/><\/a>\n\t\t\t<\/div><\/figure><figure class='gallery-item'>\n\t\t\t<div class='gallery-icon landscape'>\n\t\t\t\t<a href='https:\/\/archive.sana.sy\/tr\/wp-content\/uploads\/2018\/08\/1-10-1.jpg'><img loading=\"lazy\" decoding=\"async\" width=\"618\" height=\"348\" src=\"https:\/\/archive.sana.sy\/tr\/wp-content\/uploads\/2018\/08\/1-10-1-1024x576.jpg\" class=\"attachment-large size-large\" alt=\"\" srcset=\"https:\/\/archive.sana.sy\/tr\/wp-content\/uploads\/2018\/08\/1-10-1-1024x576.jpg 1024w, https:\/\/archive.sana.sy\/tr\/wp-content\/uploads\/2018\/08\/1-10-1-150x84.jpg 150w, https:\/\/archive.sana.sy\/tr\/wp-content\/uploads\/2018\/08\/1-10-1-300x169.jpg 300w, https:\/\/archive.sana.sy\/tr\/wp-content\/uploads\/2018\/08\/1-10-1-768x432.jpg 768w, https:\/\/archive.sana.sy\/tr\/wp-content\/uploads\/2018\/08\/1-10-1.jpg 1200w\" sizes=\"auto, (max-width: 618px) 100vw, 618px\" \/><\/a>\n\t\t\t<\/div><\/figure><figure class='gallery-item'>\n\t\t\t<div class='gallery-icon landscape'>\n\t\t\t\t<a href='https:\/\/archive.sana.sy\/tr\/wp-content\/uploads\/2018\/08\/1-22-1.jpg'><img loading=\"lazy\" decoding=\"async\" width=\"618\" height=\"367\" src=\"https:\/\/archive.sana.sy\/tr\/wp-content\/uploads\/2018\/08\/1-22-1-1024x608.jpg\" class=\"attachment-large size-large\" alt=\"\" srcset=\"https:\/\/archive.sana.sy\/tr\/wp-content\/uploads\/2018\/08\/1-22-1-1024x608.jpg 1024w, https:\/\/archive.sana.sy\/tr\/wp-content\/uploads\/2018\/08\/1-22-1-150x89.jpg 150w, https:\/\/archive.sana.sy\/tr\/wp-content\/uploads\/2018\/08\/1-22-1-300x178.jpg 300w, https:\/\/archive.sana.sy\/tr\/wp-content\/uploads\/2018\/08\/1-22-1-768x456.jpg 768w, https:\/\/archive.sana.sy\/tr\/wp-content\/uploads\/2018\/08\/1-22-1.jpg 1200w\" sizes=\"auto, (max-width: 618px) 100vw, 618px\" \/><\/a>\n\t\t\t<\/div><\/figure><figure class='gallery-item'>\n\t\t\t<div class='gallery-icon landscape'>\n\t\t\t\t<a href='https:\/\/archive.sana.sy\/tr\/wp-content\/uploads\/2018\/08\/1-27-1.jpg'><img loading=\"lazy\" decoding=\"async\" width=\"618\" height=\"348\" src=\"https:\/\/archive.sana.sy\/tr\/wp-content\/uploads\/2018\/08\/1-27-1-1024x576.jpg\" class=\"attachment-large size-large\" alt=\"\" srcset=\"https:\/\/archive.sana.sy\/tr\/wp-content\/uploads\/2018\/08\/1-27-1-1024x576.jpg 1024w, https:\/\/archive.sana.sy\/tr\/wp-content\/uploads\/2018\/08\/1-27-1-150x84.jpg 150w, https:\/\/archive.sana.sy\/tr\/wp-content\/uploads\/2018\/08\/1-27-1-300x169.jpg 300w, https:\/\/archive.sana.sy\/tr\/wp-content\/uploads\/2018\/08\/1-27-1-768x432.jpg 768w, https:\/\/archive.sana.sy\/tr\/wp-content\/uploads\/2018\/08\/1-27-1.jpg 1200w\" sizes=\"auto, (max-width: 618px) 100vw, 618px\" \/><\/a>\n\t\t\t<\/div><\/figure>\n\t\t<\/div>\n\n","protected":false},"excerpt":{"rendered":"<p>HASEKE \u2013 Haseke \u0130l Emniyet M\u00fcd\u00fcrl\u00fc\u011f\u00fcn\u00fcn 8. Polis ve Subay Devresinden mezun olan i\u00e7 g\u00fcvenlik g\u00fc\u00e7leri ve komiserlere mezuniyet t\u00f6reni d\u00fczenlendi. Haseke Kentinde G\u00fcvenlik ve Asayi\u015fi Koruma Taburunda d\u00fczenlenen mezuniyet t\u00f6reninde mezun olanlar alt\u0131 ayl\u0131k devre boyunca ald\u0131klar\u0131 e\u011fitim ve kazand\u0131klar\u0131 performansa \u0131\u015f\u0131k tutan askeri ve spor sunumlar\u0131 takdim ettiler. T\u00f6rende yap\u0131lan konu\u015fmalarda ise Haseke &hellip;<\/p>\n","protected":false},"author":1,"featured_media":157796,"comment_status":"closed","ping_status":"closed","sticky":false,"template":"","format":"standard","meta":{"footnotes":""},"categories":[596,479,17988,478],"tags":[12319,8902,1140,11042,37231,37232,36531],"class_list":["post-157792","post","type-post","status-publish","format-standard","has-post-thumbnail","","category-fotografli-raporlar","category-haberler-yerel","category-son-haberler","category-yerel","tag-spor","tag-askeri","tag-haseke","tag-ic-guvenlik-gucleri","tag-il-emniyet-mudurlugunun-8-polis-ve-subay-devresi","tag-komiser","tag-mezuniyet-toreni"],"_links":{"self":[{"href":"https:\/\/archive.sana.sy\/tr\/index.php?rest_route=\/wp\/v2\/posts\/157792","targetHints":{"allow":["GET"]}}],"collection":[{"href":"https:\/\/archive.sana.sy\/tr\/index.php?rest_route=\/wp\/v2\/posts"}],"about":[{"href":"https:\/\/archive.sana.sy\/tr\/index.php?rest_route=\/wp\/v2\/types\/post"}],"author":[{"embeddable":true,"href":"https:\/\/archive.sana.sy\/tr\/index.php?rest_route=\/wp\/v2\/users\/1"}],"replies":[{"embeddable":true,"href":"https:\/\/archive.sana.sy\/tr\/index.php?rest_route=%2Fwp%2Fv2%2Fcomments&post=157792"}],"version-history":[{"count":0,"href":"https:\/\/archive.sana.sy\/tr\/index.php?rest_route=\/wp\/v2\/posts\/157792\/revisions"}],"wp:featuredmedia":[{"embeddable":true,"href":"https:\/\/archive.sana.sy\/tr\/index.php?rest_route=\/wp\/v2\/media\/157796"}],"wp:attachment":[{"href":"https:\/\/archive.sana.sy\/tr\/index.php?rest_route=%2Fwp%2Fv2%2Fmedia&parent=157792"}],"wp:term":[{"taxonomy":"category","embeddable":true,"href":"https:\/\/archive.sana.sy\/tr\/index.php?rest_route=%2Fwp%2Fv2%2Fcategories&post=157792"},{"taxonomy":"post_tag","embeddable":true,"href":"https:\/\/archive.sana.sy\/tr\/index.php?rest_route=%2Fwp%2Fv2%2Ftags&post=157792"}],"curies":[{"name":"wp","href":"https:\/\/api.w.org\/{rel}","templated":true}]}}