{"id":157800,"date":"2018-08-18T13:59:45","date_gmt":"2018-08-18T10:59:45","guid":{"rendered":"https:\/\/www.sana.sy\/tr\/?p=157800"},"modified":"2018-08-19T12:32:44","modified_gmt":"2018-08-19T09:32:44","slug":"bacagi-kesilen-gazi-yuzbasi-azim-ve-kararliligini-kanitladi","status":"publish","type":"post","link":"https:\/\/archive.sana.sy\/tr\/?p=157800","title":{"rendered":"Baca\u011f\u0131 Kesilen Gazi Y\u00fczba\u015f\u0131 Azim ve Kararl\u0131l\u0131\u011f\u0131n\u0131 Kan\u0131tlad\u0131"},"content":{"rendered":"<p>HAMA \u2013 D\u0131\u015f g\u00fc\u00e7lerin Suriye&#8217;ye kar\u015f\u0131 sava\u015fta edat olarak kulland\u0131klar\u0131 ter\u00f6re kar\u015f\u0131 operasyonlarda ald\u0131\u011f\u0131 yara sonucunda sol baca\u011f\u0131n\u0131 kaybeden Gazi Y\u00fczba\u015f\u0131 Ali Muhsin Ali Suriye ve halk\u0131n\u0131 hedef alan d\u00fc\u015fmanlara kar\u015f\u0131 Suriyelilerin azim ve kararl\u0131l\u0131klar\u0131n\u0131 ifade eden bir mesaj vermek istedi.<\/p>\n<p><a href=\"https:\/\/www.sana.sy\/tr\/wp-content\/uploads\/2018\/08\/02-1.jpg\"><img loading=\"lazy\" decoding=\"async\" class=\"alignright wp-image-157802 size-medium\" src=\"https:\/\/www.sana.sy\/tr\/wp-content\/uploads\/2018\/08\/02-1-300x200.jpg\" alt=\"\" width=\"300\" height=\"200\" srcset=\"https:\/\/archive.sana.sy\/tr\/wp-content\/uploads\/2018\/08\/02-1-300x200.jpg 300w, https:\/\/archive.sana.sy\/tr\/wp-content\/uploads\/2018\/08\/02-1-150x100.jpg 150w, https:\/\/archive.sana.sy\/tr\/wp-content\/uploads\/2018\/08\/02-1-768x511.jpg 768w, https:\/\/archive.sana.sy\/tr\/wp-content\/uploads\/2018\/08\/02-1-1024x682.jpg 1024w, https:\/\/archive.sana.sy\/tr\/wp-content\/uploads\/2018\/08\/02-1.jpg 1200w\" sizes=\"auto, (max-width: 300px) 100vw, 300px\" \/><\/a>Hama \u0130li Misyaf \u0130l\u00e7esine tabi Be\u015flin K\u00f6y\u00fcnden ba\u015fkent \u015eam\u2019a kadar 200 km mesafeyi protez bacak ile y\u00fcr\u00fcme karar\u0131 alan Gazi Y\u00fczba\u015f\u0131 Ali; bu y\u00fcr\u00fcy\u00fc\u015f\u00fcn\u00fcn 8 ila 10 g\u00fcn aras\u0131nda s\u00fcrece\u011fi tahmininde bulundu.<\/p>\n<p>Gazi Y\u00fczba\u015f\u0131 Ali amac\u0131n\u0131n Suriye ve halk\u0131n\u0131n d\u00fc\u015fmanlar\u0131na Suriye ordusunda yaralanan askerlerin azim ve kararl\u0131l\u0131\u011f\u0131n\u0131 g\u00f6stermek istedi\u011fini ifade etti. Yaral\u0131 gazilerin vatan\u0131n her kar\u0131\u015f topra\u011f\u0131n\u0131 ter\u00f6rden kurtarma ve t\u00fcm Suriyelilere g\u00fcvenli ve onurlu bir ya\u015fam sa\u011flama azimlerine dikkat \u00e7eken Gazi Y\u00fczba\u015f\u0131 Ali, yaralanan askerlerin sadece normal ya\u015fama d\u00f6nmekle yetinmeyeceklerini, Suriye\u2019nin nihai ve \u015fanl\u0131 bir zaferiyle akan kanlar\u0131n\u0131 telafi edeceklerini ifade etti.<\/p>\n<div id='gallery-1' class='gallery galleryid-157800 gallery-columns-2 gallery-size-medium'><figure class='gallery-item'>\n\t\t\t<div class='gallery-icon landscape'>\n\t\t\t\t<a href='https:\/\/archive.sana.sy\/tr\/wp-content\/uploads\/2018\/08\/01-5.jpg'><img loading=\"lazy\" decoding=\"async\" width=\"300\" height=\"201\" src=\"https:\/\/archive.sana.sy\/tr\/wp-content\/uploads\/2018\/08\/01-5-300x201.jpg\" class=\"attachment-medium size-medium\" alt=\"\" srcset=\"https:\/\/archive.sana.sy\/tr\/wp-content\/uploads\/2018\/08\/01-5-300x201.jpg 300w, https:\/\/archive.sana.sy\/tr\/wp-content\/uploads\/2018\/08\/01-5-150x100.jpg 150w, https:\/\/archive.sana.sy\/tr\/wp-content\/uploads\/2018\/08\/01-5-768x513.jpg 768w, https:\/\/archive.sana.sy\/tr\/wp-content\/uploads\/2018\/08\/01-5-1024x684.jpg 1024w, https:\/\/archive.sana.sy\/tr\/wp-content\/uploads\/2018\/08\/01-5-110x75.jpg 110w, https:\/\/archive.sana.sy\/tr\/wp-content\/uploads\/2018\/08\/01-5.jpg 1200w\" sizes=\"auto, (max-width: 300px) 100vw, 300px\" \/><\/a>\n\t\t\t<\/div><\/figure><figure class='gallery-item'>\n\t\t\t<div class='gallery-icon landscape'>\n\t\t\t\t<a href='https:\/\/archive.sana.sy\/tr\/wp-content\/uploads\/2018\/08\/photo_2018-08-18_09-46-20.jpg'><img loading=\"lazy\" decoding=\"async\" width=\"300\" height=\"199\" src=\"https:\/\/archive.sana.sy\/tr\/wp-content\/uploads\/2018\/08\/photo_2018-08-18_09-46-20-300x199.jpg\" class=\"attachment-medium size-medium\" alt=\"\" srcset=\"https:\/\/archive.sana.sy\/tr\/wp-content\/uploads\/2018\/08\/photo_2018-08-18_09-46-20-300x199.jpg 300w, https:\/\/archive.sana.sy\/tr\/wp-content\/uploads\/2018\/08\/photo_2018-08-18_09-46-20-150x99.jpg 150w, https:\/\/archive.sana.sy\/tr\/wp-content\/uploads\/2018\/08\/photo_2018-08-18_09-46-20-768x508.jpg 768w, https:\/\/archive.sana.sy\/tr\/wp-content\/uploads\/2018\/08\/photo_2018-08-18_09-46-20-1024x678.jpg 1024w, https:\/\/archive.sana.sy\/tr\/wp-content\/uploads\/2018\/08\/photo_2018-08-18_09-46-20-310x205.jpg 310w, https:\/\/archive.sana.sy\/tr\/wp-content\/uploads\/2018\/08\/photo_2018-08-18_09-46-20.jpg 1200w\" sizes=\"auto, (max-width: 300px) 100vw, 300px\" \/><\/a>\n\t\t\t<\/div><\/figure><figure class='gallery-item'>\n\t\t\t<div class='gallery-icon landscape'>\n\t\t\t\t<a href='https:\/\/archive.sana.sy\/tr\/wp-content\/uploads\/2018\/08\/photo_2018-08-18_09-46-22.jpg'><img loading=\"lazy\" decoding=\"async\" width=\"300\" height=\"194\" src=\"https:\/\/archive.sana.sy\/tr\/wp-content\/uploads\/2018\/08\/photo_2018-08-18_09-46-22-300x194.jpg\" class=\"attachment-medium size-medium\" alt=\"\" srcset=\"https:\/\/archive.sana.sy\/tr\/wp-content\/uploads\/2018\/08\/photo_2018-08-18_09-46-22-300x194.jpg 300w, https:\/\/archive.sana.sy\/tr\/wp-content\/uploads\/2018\/08\/photo_2018-08-18_09-46-22-150x97.jpg 150w, https:\/\/archive.sana.sy\/tr\/wp-content\/uploads\/2018\/08\/photo_2018-08-18_09-46-22-768x495.jpg 768w, https:\/\/archive.sana.sy\/tr\/wp-content\/uploads\/2018\/08\/photo_2018-08-18_09-46-22-1024x660.jpg 1024w, https:\/\/archive.sana.sy\/tr\/wp-content\/uploads\/2018\/08\/photo_2018-08-18_09-46-22.jpg 1200w\" sizes=\"auto, (max-width: 300px) 100vw, 300px\" \/><\/a>\n\t\t\t<\/div><\/figure><figure class='gallery-item'>\n\t\t\t<div class='gallery-icon landscape'>\n\t\t\t\t<a href='https:\/\/archive.sana.sy\/tr\/wp-content\/uploads\/2018\/08\/photo_2018-08-18_09-46-27-2.jpg'><img loading=\"lazy\" decoding=\"async\" width=\"300\" height=\"191\" src=\"https:\/\/archive.sana.sy\/tr\/wp-content\/uploads\/2018\/08\/photo_2018-08-18_09-46-27-2-300x191.jpg\" class=\"attachment-medium size-medium\" alt=\"\" srcset=\"https:\/\/archive.sana.sy\/tr\/wp-content\/uploads\/2018\/08\/photo_2018-08-18_09-46-27-2-300x191.jpg 300w, https:\/\/archive.sana.sy\/tr\/wp-content\/uploads\/2018\/08\/photo_2018-08-18_09-46-27-2-150x95.jpg 150w, https:\/\/archive.sana.sy\/tr\/wp-content\/uploads\/2018\/08\/photo_2018-08-18_09-46-27-2-768x488.jpg 768w, https:\/\/archive.sana.sy\/tr\/wp-content\/uploads\/2018\/08\/photo_2018-08-18_09-46-27-2-1024x650.jpg 1024w, https:\/\/archive.sana.sy\/tr\/wp-content\/uploads\/2018\/08\/photo_2018-08-18_09-46-27-2.jpg 1200w\" sizes=\"auto, (max-width: 300px) 100vw, 300px\" \/><\/a>\n\t\t\t<\/div><\/figure>\n\t\t<\/div>\n\n","protected":false},"excerpt":{"rendered":"<p>HAMA \u2013 D\u0131\u015f g\u00fc\u00e7lerin Suriye&#8217;ye kar\u015f\u0131 sava\u015fta edat olarak kulland\u0131klar\u0131 ter\u00f6re kar\u015f\u0131 operasyonlarda ald\u0131\u011f\u0131 yara sonucunda sol baca\u011f\u0131n\u0131 kaybeden Gazi Y\u00fczba\u015f\u0131 Ali Muhsin Ali Suriye ve halk\u0131n\u0131 hedef alan d\u00fc\u015fmanlara kar\u015f\u0131 Suriyelilerin azim ve kararl\u0131l\u0131klar\u0131n\u0131 ifade eden bir mesaj vermek istedi. Hama \u0130li Misyaf \u0130l\u00e7esine tabi Be\u015flin K\u00f6y\u00fcnden ba\u015fkent \u015eam\u2019a kadar 200 km mesafeyi protez &hellip;<\/p>\n","protected":false},"author":1,"featured_media":157803,"comment_status":"closed","ping_status":"closed","sticky":false,"template":"","format":"standard","meta":{"footnotes":""},"categories":[596,479,17988,478],"tags":[],"class_list":["post-157800","post","type-post","status-publish","format-standard","has-post-thumbnail","","category-fotografli-raporlar","category-haberler-yerel","category-son-haberler","category-yerel"],"_links":{"self":[{"href":"https:\/\/archive.sana.sy\/tr\/index.php?rest_route=\/wp\/v2\/posts\/157800","targetHints":{"allow":["GET"]}}],"collection":[{"href":"https:\/\/archive.sana.sy\/tr\/index.php?rest_route=\/wp\/v2\/posts"}],"about":[{"href":"https:\/\/archive.sana.sy\/tr\/index.php?rest_route=\/wp\/v2\/types\/post"}],"author":[{"embeddable":true,"href":"https:\/\/archive.sana.sy\/tr\/index.php?rest_route=\/wp\/v2\/users\/1"}],"replies":[{"embeddable":true,"href":"https:\/\/archive.sana.sy\/tr\/index.php?rest_route=%2Fwp%2Fv2%2Fcomments&post=157800"}],"version-history":[{"count":0,"href":"https:\/\/archive.sana.sy\/tr\/index.php?rest_route=\/wp\/v2\/posts\/157800\/revisions"}],"wp:featuredmedia":[{"embeddable":true,"href":"https:\/\/archive.sana.sy\/tr\/index.php?rest_route=\/wp\/v2\/media\/157803"}],"wp:attachment":[{"href":"https:\/\/archive.sana.sy\/tr\/index.php?rest_route=%2Fwp%2Fv2%2Fmedia&parent=157800"}],"wp:term":[{"taxonomy":"category","embeddable":true,"href":"https:\/\/archive.sana.sy\/tr\/index.php?rest_route=%2Fwp%2Fv2%2Fcategories&post=157800"},{"taxonomy":"post_tag","embeddable":true,"href":"https:\/\/archive.sana.sy\/tr\/index.php?rest_route=%2Fwp%2Fv2%2Ftags&post=157800"}],"curies":[{"name":"wp","href":"https:\/\/api.w.org\/{rel}","templated":true}]}}