{"id":157809,"date":"2018-08-18T15:23:05","date_gmt":"2018-08-18T12:23:05","guid":{"rendered":"https:\/\/www.sana.sy\/tr\/?p=157809"},"modified":"2018-08-19T15:50:27","modified_gmt":"2018-08-19T12:50:27","slug":"vatan-koruyucularimiz-sanli-zafere-dogru-adimlarini-surduruyor-9","status":"publish","type":"post","link":"https:\/\/archive.sana.sy\/tr\/?p=157809","title":{"rendered":"Vatan Koruyucular\u0131m\u0131z \u015eanl\u0131 Zafere Do\u011fru Ad\u0131mlar\u0131n\u0131 S\u00fcrd\u00fcr\u00fcyor"},"content":{"rendered":"<p>HAMA \u2013 Kahraman ordu birliklerimiz vatan evlatlar\u0131na verdikleri \u015fanl\u0131 zafer ahdini ger\u00e7ekle\u015ftirmeye ad\u0131m ad\u0131m yakla\u015f\u0131yorlar. \u00dclkenin d\u00f6rt bir yan\u0131nda ter\u00f6rle m\u00fccadelede sa\u011flanan ba\u015far\u0131larla kahramanlar\u0131m\u0131z, ufukta g\u00f6r\u00fcnen \u015fanl\u0131 zaferin temel ta\u015flar\u0131n\u0131 olu\u015fturmaya devam ediyorlar.<\/p>\n<p>SANA\u2019n\u0131n Hama muhabiri; ordu birliklerimizin Hama k\u0131rsal\u0131n\u0131n kuzeyi Morik, Ebu Ubaide ve Muarkebbe beldeleri etraflar\u0131nda sabotaj eylemlerinde bulunan \u2018Cey\u015ful \u0130zze\u2019 adl\u0131 ter\u00f6ristlerin hareketlenmelerini muhtelif t\u00fcr uygun silahlarla hedef almalar\u0131 sonucunda tekfircilerin saflar\u0131nda \u00e7ok say\u0131da ter\u00f6risti \u00f6l\u00fc ve yaral\u0131 d\u00fc\u015f\u00fcrd\u00fcklerini ifade etti.<\/p>\n<p>Muhabir top\u00e7u birliklerimizin Tel el Sahr Beldesi \u00e7evresinde Kaide \u00d6rg\u00fct\u00fcn\u00fcn Suriye kolu Nusra Cephesinin toplanma yerleri ve mevkilerini yo\u011fun ate\u015fe tutmalar\u0131na e\u015f zamanl\u0131 olarak Kefar Zeyta Beldesi civar\u0131nda yuva ve komuta karargahlar\u0131n\u0131 f\u00fczelerle imha ettiklerini aktard\u0131.<\/p>\n","protected":false},"excerpt":{"rendered":"<p>HAMA \u2013 Kahraman ordu birliklerimiz vatan evlatlar\u0131na verdikleri \u015fanl\u0131 zafer ahdini ger\u00e7ekle\u015ftirmeye ad\u0131m ad\u0131m yakla\u015f\u0131yorlar. \u00dclkenin d\u00f6rt bir yan\u0131nda ter\u00f6rle m\u00fccadelede sa\u011flanan ba\u015far\u0131larla kahramanlar\u0131m\u0131z, ufukta g\u00f6r\u00fcnen \u015fanl\u0131 zaferin temel ta\u015flar\u0131n\u0131 olu\u015fturmaya devam ediyorlar. SANA\u2019n\u0131n Hama muhabiri; ordu birliklerimizin Hama k\u0131rsal\u0131n\u0131n kuzeyi Morik, Ebu Ubaide ve Muarkebbe beldeleri etraflar\u0131nda sabotaj eylemlerinde bulunan \u2018Cey\u015ful \u0130zze\u2019 adl\u0131 ter\u00f6ristlerin &hellip;<\/p>\n","protected":false},"author":1,"featured_media":157810,"comment_status":"closed","ping_status":"closed","sticky":false,"template":"","format":"standard","meta":{"footnotes":""},"categories":[479,575,17988,478],"tags":[],"class_list":["post-157809","post","type-post","status-publish","format-standard","has-post-thumbnail","","category-haberler-yerel","category-olaylar-ve-gercekler","category-son-haberler","category-yerel"],"_links":{"self":[{"href":"https:\/\/archive.sana.sy\/tr\/index.php?rest_route=\/wp\/v2\/posts\/157809","targetHints":{"allow":["GET"]}}],"collection":[{"href":"https:\/\/archive.sana.sy\/tr\/index.php?rest_route=\/wp\/v2\/posts"}],"about":[{"href":"https:\/\/archive.sana.sy\/tr\/index.php?rest_route=\/wp\/v2\/types\/post"}],"author":[{"embeddable":true,"href":"https:\/\/archive.sana.sy\/tr\/index.php?rest_route=\/wp\/v2\/users\/1"}],"replies":[{"embeddable":true,"href":"https:\/\/archive.sana.sy\/tr\/index.php?rest_route=%2Fwp%2Fv2%2Fcomments&post=157809"}],"version-history":[{"count":0,"href":"https:\/\/archive.sana.sy\/tr\/index.php?rest_route=\/wp\/v2\/posts\/157809\/revisions"}],"wp:featuredmedia":[{"embeddable":true,"href":"https:\/\/archive.sana.sy\/tr\/index.php?rest_route=\/wp\/v2\/media\/157810"}],"wp:attachment":[{"href":"https:\/\/archive.sana.sy\/tr\/index.php?rest_route=%2Fwp%2Fv2%2Fmedia&parent=157809"}],"wp:term":[{"taxonomy":"category","embeddable":true,"href":"https:\/\/archive.sana.sy\/tr\/index.php?rest_route=%2Fwp%2Fv2%2Fcategories&post=157809"},{"taxonomy":"post_tag","embeddable":true,"href":"https:\/\/archive.sana.sy\/tr\/index.php?rest_route=%2Fwp%2Fv2%2Ftags&post=157809"}],"curies":[{"name":"wp","href":"https:\/\/api.w.org\/{rel}","templated":true}]}}