{"id":157812,"date":"2018-08-18T16:08:42","date_gmt":"2018-08-18T13:08:42","guid":{"rendered":"https:\/\/www.sana.sy\/tr\/?p=157812"},"modified":"2018-08-19T12:32:41","modified_gmt":"2018-08-19T09:32:41","slug":"ponomarev-katilim-onemli-firsatlar-yaratacak","status":"publish","type":"post","link":"https:\/\/archive.sana.sy\/tr\/?p=157812","title":{"rendered":"Ponomarev; Kat\u0131l\u0131m \u00d6nemli F\u0131rsatlar Yaratacak"},"content":{"rendered":"<p>\u015eAM \u2013 Belarus\u2019un \u015eam B\u00fcy\u00fckel\u00e7isi Aleksandr Ponomarev; makine, g\u0131da, ila\u00e7, medikal ve kimya end\u00fcstrileri ile ilgili Belaruslu 10 \u015firketin 60. Uluslararas\u0131 \u015eam Fuar\u0131na kat\u0131laca\u011f\u0131n\u0131 belirtti.<\/p>\n<p>Ponomarev SANA\u2019ya a\u00e7\u0131klamas\u0131nda; Belaruslu \u015firketlerin fuara kat\u0131l\u0131mlar\u0131n\u0131n hem Suriyeli mevkida\u015flar\u0131yla s\u00f6zle\u015fmeler imzalamak, hem de Suriye\u2019de tar\u0131msal \u00fcr\u00fcnlerin Belarus\u2019a ithal edilmesi a\u00e7\u0131s\u0131ndan \u00f6nemli bir f\u0131rsat te\u015fkil edece\u011fini ifade etti.<\/p>\n<p>Suriye ve Belarus karma kabine komitesinin \u00f6n\u00fcm\u00fczdeki Eyl\u00fcl ay\u0131nda bir araya gelece\u011fini a\u00e7\u0131klayan Ponomarev; toplant\u0131larda iki \u00fclke aras\u0131nda farkl\u0131 alanlarda i\u015fbirli\u011fi program\u0131n\u0131n belirlenece\u011fini kaydetti.<\/p>\n<p>\u00d6te yandan Belarus\u2019un \u015eam B\u00fcy\u00fckel\u00e7isi Ponomarev; \u00f6n\u00fcm\u00fczdeki yak\u0131n s\u00fcre\u00e7 i\u00e7inde ba\u015fkent Minsk\u2019te Suriyeli \u015fehit \u00e7ocuklar i\u00e7in sosyal ve e\u011flence faaliyetleri d\u00fczenlenece\u011fini s\u00f6yledi.<\/p>\n","protected":false},"excerpt":{"rendered":"<p>\u015eAM \u2013 Belarus\u2019un \u015eam B\u00fcy\u00fckel\u00e7isi Aleksandr Ponomarev; makine, g\u0131da, ila\u00e7, medikal ve kimya end\u00fcstrileri ile ilgili Belaruslu 10 \u015firketin 60. Uluslararas\u0131 \u015eam Fuar\u0131na kat\u0131laca\u011f\u0131n\u0131 belirtti. Ponomarev SANA\u2019ya a\u00e7\u0131klamas\u0131nda; Belaruslu \u015firketlerin fuara kat\u0131l\u0131mlar\u0131n\u0131n hem Suriyeli mevkida\u015flar\u0131yla s\u00f6zle\u015fmeler imzalamak, hem de Suriye\u2019de tar\u0131msal \u00fcr\u00fcnlerin Belarus\u2019a ithal edilmesi a\u00e7\u0131s\u0131ndan \u00f6nemli bir f\u0131rsat te\u015fkil edece\u011fini ifade etti. Suriye ve &hellip;<\/p>\n","protected":false},"author":1,"featured_media":157813,"comment_status":"closed","ping_status":"closed","sticky":false,"template":"","format":"standard","meta":{"footnotes":""},"categories":[485,486,17988,36578],"tags":[37201,37233,8825,37234],"class_list":["post-157812","post","type-post","status-publish","format-standard","has-post-thumbnail","","category-is-ve-sermaye","category-haberler-is-ve-sermaye","category-son-haberler","category-uluslararasi-sam-fuari","tag-60-uluslararasi-sam-fuarin","tag-aleksandr-ponomarev","tag-belarus","tag-belaruslu-10-sirketi"],"_links":{"self":[{"href":"https:\/\/archive.sana.sy\/tr\/index.php?rest_route=\/wp\/v2\/posts\/157812","targetHints":{"allow":["GET"]}}],"collection":[{"href":"https:\/\/archive.sana.sy\/tr\/index.php?rest_route=\/wp\/v2\/posts"}],"about":[{"href":"https:\/\/archive.sana.sy\/tr\/index.php?rest_route=\/wp\/v2\/types\/post"}],"author":[{"embeddable":true,"href":"https:\/\/archive.sana.sy\/tr\/index.php?rest_route=\/wp\/v2\/users\/1"}],"replies":[{"embeddable":true,"href":"https:\/\/archive.sana.sy\/tr\/index.php?rest_route=%2Fwp%2Fv2%2Fcomments&post=157812"}],"version-history":[{"count":0,"href":"https:\/\/archive.sana.sy\/tr\/index.php?rest_route=\/wp\/v2\/posts\/157812\/revisions"}],"wp:featuredmedia":[{"embeddable":true,"href":"https:\/\/archive.sana.sy\/tr\/index.php?rest_route=\/wp\/v2\/media\/157813"}],"wp:attachment":[{"href":"https:\/\/archive.sana.sy\/tr\/index.php?rest_route=%2Fwp%2Fv2%2Fmedia&parent=157812"}],"wp:term":[{"taxonomy":"category","embeddable":true,"href":"https:\/\/archive.sana.sy\/tr\/index.php?rest_route=%2Fwp%2Fv2%2Fcategories&post=157812"},{"taxonomy":"post_tag","embeddable":true,"href":"https:\/\/archive.sana.sy\/tr\/index.php?rest_route=%2Fwp%2Fv2%2Ftags&post=157812"}],"curies":[{"name":"wp","href":"https:\/\/api.w.org\/{rel}","templated":true}]}}