{"id":157817,"date":"2018-08-18T21:26:48","date_gmt":"2018-08-18T18:26:48","guid":{"rendered":"https:\/\/www.sana.sy\/tr\/?p=157817"},"modified":"2018-08-19T12:32:36","modified_gmt":"2018-08-19T09:32:36","slug":"terore-karsi-savas-ve-yeniden-imar-konusunda-emin-edimlarla-ilerliyoruz","status":"publish","type":"post","link":"https:\/\/archive.sana.sy\/tr\/?p=157817","title":{"rendered":"Ter\u00f6re Kar\u015f\u0131 Sava\u015f ve Yeniden \u0130mar Konusunda Emin Ed\u0131mlarla \u0130lerliyoruz"},"content":{"rendered":"<p>\u015eAM &#8211; Ba\u015fbakan \u0130mad Hamis, Suriye&#8217;nin ter\u00f6re kar\u015f\u0131 tam zafer ve g\u00fcvenli\u011fin t\u00fcm Suriye co\u011frafyas\u0131na d\u00f6n\u00fc\u015f\u00fc i\u00e7in emin ad\u0131mlarla ilerledi\u011fini belirterek, H\u00fck\u00fcmetin ter\u00f6rist bir sava\u015fa maruz kalmas\u0131 g\u00f6lgesinde Suriye&#8217;yi destekleyen Moritanya halk\u0131n\u0131n tutumunu takdir etti\u011fini ifade etti.<\/p>\n<p>Ba\u015fbakan Hamis bug\u00fcn Mahfud Vild Aziz ba\u015fkanl\u0131\u011f\u0131ndaki Moritanya Demokratik Sosyalist Birlik Partisi heyetiyle bir araya geli\u015finde, Suriye&#8217;nin tar\u0131msal, end\u00fcstriyel ve ticari t\u00fcm bile\u015fenleriyle ekonomik hayat\u0131n yeniden canland\u0131r\u0131lmas\u0131, yasalar ve yat\u0131r\u0131m yap\u0131s\u0131n\u0131n modernize edilmesi, in\u015faat ve yeniden in\u015fa a\u015famas\u0131na haz\u0131rl\u0131k olarak bankac\u0131l\u0131k ve finans politikas\u0131n\u0131n geli\u015ftirilmesi i\u00e7in kat\u0131 kurallar koydu\u011funu s\u00f6yledi. Hamis, Suriye&#8217;nin zalim sava\u015f y\u0131llar\u0131 esnas\u0131nda Suriye halk\u0131n\u0131n yan\u0131nda duran muhtelif \u00fclkelerle ekonomik ili\u015fkilerini geli\u015ftirmeye bakt\u0131\u011f\u0131n\u0131 vurgulad\u0131.<\/p>\n<p>Kendi y\u00f6n\u00fcnde\u00a0 Vild Aziz, Moritanya halk\u0131n\u0131n ter\u00f6r sava\u015f\u0131, abluka ve Suriye&#8217;ye dayat\u0131lan tek tarafl\u0131 zalim ekonomik icraatlar g\u00f6lgesinde Suriye ile dayan\u0131\u015fmas\u0131n\u0131 belirterek, her iki \u00fclke aras\u0131ndaki muhtelif faaliyetler aras\u0131nda koordinasyonun y\u00fckseltilmesi yan\u0131 s\u0131ra her iki ve karde\u015f halk\u0131n \u00e7\u0131karlar\u0131na hay\u0131r getirecek i\u015fbirli\u011finin aktifle\u015ftirilmesi i\u00e7in \u00e7er\u00e7evenin belirlenmesi zorunlulu\u011funu dile getirdi.<\/p>\n<p>S. \u015eahhut.<\/p>\n","protected":false},"excerpt":{"rendered":"<p>\u015eAM &#8211; Ba\u015fbakan \u0130mad Hamis, Suriye&#8217;nin ter\u00f6re kar\u015f\u0131 tam zafer ve g\u00fcvenli\u011fin t\u00fcm Suriye co\u011frafyas\u0131na d\u00f6n\u00fc\u015f\u00fc i\u00e7in emin ad\u0131mlarla ilerledi\u011fini belirterek, H\u00fck\u00fcmetin ter\u00f6rist bir sava\u015fa maruz kalmas\u0131 g\u00f6lgesinde Suriye&#8217;yi destekleyen Moritanya halk\u0131n\u0131n tutumunu takdir etti\u011fini ifade etti. Ba\u015fbakan Hamis bug\u00fcn Mahfud Vild Aziz ba\u015fkanl\u0131\u011f\u0131ndaki Moritanya Demokratik Sosyalist Birlik Partisi heyetiyle bir araya geli\u015finde, Suriye&#8217;nin tar\u0131msal, &hellip;<\/p>\n","protected":false},"author":1,"featured_media":157818,"comment_status":"closed","ping_status":"closed","sticky":false,"template":"","format":"standard","meta":{"footnotes":""},"categories":[479,17988,478],"tags":[],"class_list":["post-157817","post","type-post","status-publish","format-standard","has-post-thumbnail","","category-haberler-yerel","category-son-haberler","category-yerel"],"_links":{"self":[{"href":"https:\/\/archive.sana.sy\/tr\/index.php?rest_route=\/wp\/v2\/posts\/157817","targetHints":{"allow":["GET"]}}],"collection":[{"href":"https:\/\/archive.sana.sy\/tr\/index.php?rest_route=\/wp\/v2\/posts"}],"about":[{"href":"https:\/\/archive.sana.sy\/tr\/index.php?rest_route=\/wp\/v2\/types\/post"}],"author":[{"embeddable":true,"href":"https:\/\/archive.sana.sy\/tr\/index.php?rest_route=\/wp\/v2\/users\/1"}],"replies":[{"embeddable":true,"href":"https:\/\/archive.sana.sy\/tr\/index.php?rest_route=%2Fwp%2Fv2%2Fcomments&post=157817"}],"version-history":[{"count":0,"href":"https:\/\/archive.sana.sy\/tr\/index.php?rest_route=\/wp\/v2\/posts\/157817\/revisions"}],"wp:featuredmedia":[{"embeddable":true,"href":"https:\/\/archive.sana.sy\/tr\/index.php?rest_route=\/wp\/v2\/media\/157818"}],"wp:attachment":[{"href":"https:\/\/archive.sana.sy\/tr\/index.php?rest_route=%2Fwp%2Fv2%2Fmedia&parent=157817"}],"wp:term":[{"taxonomy":"category","embeddable":true,"href":"https:\/\/archive.sana.sy\/tr\/index.php?rest_route=%2Fwp%2Fv2%2Fcategories&post=157817"},{"taxonomy":"post_tag","embeddable":true,"href":"https:\/\/archive.sana.sy\/tr\/index.php?rest_route=%2Fwp%2Fv2%2Ftags&post=157817"}],"curies":[{"name":"wp","href":"https:\/\/api.w.org\/{rel}","templated":true}]}}