{"id":157834,"date":"2018-08-19T12:23:50","date_gmt":"2018-08-19T09:23:50","guid":{"rendered":"https:\/\/www.sana.sy\/tr\/?p=157834"},"modified":"2018-08-20T13:47:24","modified_gmt":"2018-08-20T10:47:24","slug":"suriyenin-teskil-ettigi-model-bir-kisim-devletleri-rahatsiz-etti","status":"publish","type":"post","link":"https:\/\/archive.sana.sy\/tr\/?p=157834","title":{"rendered":"Suriye&#8217;nin Te\u015fkil Etti\u011fi Model Bir K\u0131s\u0131m Devletleri Rahats\u0131z Etti"},"content":{"rendered":"<p>K\u0130EV \u2013 Suriye Ukrayna Parlamenter Dostluk Grubu Ba\u015fkan\u0131 Anatoly Domanski; Suriye ve halk\u0131na kar\u015f\u0131 ter\u00f6r\u00fcn edat olarak kullan\u0131ld\u0131\u011f\u0131 uluslar aras\u0131 bir entrikan\u0131n y\u00fcr\u00fct\u00fcld\u00fc\u011f\u00fcne dikkat \u00e7ekerken; bu entrikan\u0131n Suriye&#8217;nin kahraman ve onurlu m\u00fccadelesi sayesinde \u00e7\u00f6kertildi\u011fini vurgulad\u0131.<\/p>\n<p><a href=\"https:\/\/www.sana.sy\/tr\/wp-content\/uploads\/2018\/08\/2-51.jpg\"><img loading=\"lazy\" decoding=\"async\" class=\"alignright wp-image-157836 size-medium\" src=\"https:\/\/www.sana.sy\/tr\/wp-content\/uploads\/2018\/08\/2-51-300x168.jpg\" alt=\"\" width=\"300\" height=\"168\" srcset=\"https:\/\/archive.sana.sy\/tr\/wp-content\/uploads\/2018\/08\/2-51-300x168.jpg 300w, https:\/\/archive.sana.sy\/tr\/wp-content\/uploads\/2018\/08\/2-51-150x84.jpg 150w, https:\/\/archive.sana.sy\/tr\/wp-content\/uploads\/2018\/08\/2-51.jpg 660w\" sizes=\"auto, (max-width: 300px) 100vw, 300px\" \/><\/a>Parlamenter Dostluk Cemiyetinin ba\u015fkent Kiev\u2019de ikinci genel konferans\u0131n\u0131n a\u00e7\u0131l\u0131\u015f\u0131nda konu\u015fan Domanski; Suriye&#8217;nin kendisine dayat\u0131lan sava\u015f \u00f6ncesinde; g\u00fcvenlik ve istikrarla birlikte uluslar aras\u0131 platformlarda egemen, duyarl\u0131 ve adil bir tutum sergilemede t\u00fcm d\u00fcnya i\u00e7in bir model te\u015fkil etti\u011fine dikkat \u00e7ekti.<\/p>\n<p>Domanski bu modelin bir k\u0131s\u0131m devletleri ciddi bir \u015fekilde rahats\u0131z etmesiyle \u2018muhalefet\u2019 oyununun haz\u0131rlay\u0131p az\u0131l\u0131 ter\u00f6ristlere gereken her t\u00fcrl\u00fc askeri, maddi, siyasi, medya ve lojistik deste\u011fi temin ettiklerini ifade etti. Ayn\u0131 zamanda d\u00fcnyan\u0131n her yerinden az\u0131l\u0131, kiral\u0131k ve radikal ter\u00f6ristleri Suriye&#8217;ye seferber ettiklerini belirten Domanski; Arap bahar\u0131, demokrasi, insan haklar\u0131, devrimci ve bunun gibi terimlerin Suriye&#8217;ye kar\u015f\u0131 dayat\u0131lan muhtelif y\u00f6nl\u00fc sava\u015fta insanlar\u0131 kand\u0131rma ama\u00e7l\u0131 oldu\u011funun alt\u0131n\u0131 \u00e7izdi.<\/p>\n<p>Domanski; Suriye ile Ukrayna aras\u0131nda ekonomik, siyasi, ticari ve t\u00fcm alanlarda ili\u015fkilerin peki\u015ftirilmesi \u00e7a\u011fr\u0131s\u0131nda bulundu.<\/p>\n","protected":false},"excerpt":{"rendered":"<p>K\u0130EV \u2013 Suriye Ukrayna Parlamenter Dostluk Grubu Ba\u015fkan\u0131 Anatoly Domanski; Suriye ve halk\u0131na kar\u015f\u0131 ter\u00f6r\u00fcn edat olarak kullan\u0131ld\u0131\u011f\u0131 uluslar aras\u0131 bir entrikan\u0131n y\u00fcr\u00fct\u00fcld\u00fc\u011f\u00fcne dikkat \u00e7ekerken; bu entrikan\u0131n Suriye&#8217;nin kahraman ve onurlu m\u00fccadelesi sayesinde \u00e7\u00f6kertildi\u011fini vurgulad\u0131. Parlamenter Dostluk Cemiyetinin ba\u015fkent Kiev\u2019de ikinci genel konferans\u0131n\u0131n a\u00e7\u0131l\u0131\u015f\u0131nda konu\u015fan Domanski; Suriye&#8217;nin kendisine dayat\u0131lan sava\u015f \u00f6ncesinde; g\u00fcvenlik ve istikrarla birlikte &hellip;<\/p>\n","protected":false},"author":1,"featured_media":157835,"comment_status":"closed","ping_status":"closed","sticky":false,"template":"","format":"standard","meta":{"footnotes":""},"categories":[556,458,559,459,17988],"tags":[16591,6041],"class_list":["post-157834","post","type-post","status-publish","format-standard","has-post-thumbnail","","category-basin","category-dunya1","category-dunya-basini","category-haberler-arap-uluslararasi-politika","category-son-haberler","tag-suriye","tag-ukrayna"],"_links":{"self":[{"href":"https:\/\/archive.sana.sy\/tr\/index.php?rest_route=\/wp\/v2\/posts\/157834","targetHints":{"allow":["GET"]}}],"collection":[{"href":"https:\/\/archive.sana.sy\/tr\/index.php?rest_route=\/wp\/v2\/posts"}],"about":[{"href":"https:\/\/archive.sana.sy\/tr\/index.php?rest_route=\/wp\/v2\/types\/post"}],"author":[{"embeddable":true,"href":"https:\/\/archive.sana.sy\/tr\/index.php?rest_route=\/wp\/v2\/users\/1"}],"replies":[{"embeddable":true,"href":"https:\/\/archive.sana.sy\/tr\/index.php?rest_route=%2Fwp%2Fv2%2Fcomments&post=157834"}],"version-history":[{"count":0,"href":"https:\/\/archive.sana.sy\/tr\/index.php?rest_route=\/wp\/v2\/posts\/157834\/revisions"}],"wp:featuredmedia":[{"embeddable":true,"href":"https:\/\/archive.sana.sy\/tr\/index.php?rest_route=\/wp\/v2\/media\/157835"}],"wp:attachment":[{"href":"https:\/\/archive.sana.sy\/tr\/index.php?rest_route=%2Fwp%2Fv2%2Fmedia&parent=157834"}],"wp:term":[{"taxonomy":"category","embeddable":true,"href":"https:\/\/archive.sana.sy\/tr\/index.php?rest_route=%2Fwp%2Fv2%2Fcategories&post=157834"},{"taxonomy":"post_tag","embeddable":true,"href":"https:\/\/archive.sana.sy\/tr\/index.php?rest_route=%2Fwp%2Fv2%2Ftags&post=157834"}],"curies":[{"name":"wp","href":"https:\/\/api.w.org\/{rel}","templated":true}]}}