{"id":157838,"date":"2018-08-19T12:30:13","date_gmt":"2018-08-19T09:30:13","guid":{"rendered":"https:\/\/www.sana.sy\/tr\/?p=157838"},"modified":"2018-08-20T13:47:19","modified_gmt":"2018-08-20T10:47:19","slug":"bayram-oncesinde-carsi-pazar-hareketlendi","status":"publish","type":"post","link":"https:\/\/archive.sana.sy\/tr\/?p=157838","title":{"rendered":"Bayram \u00d6ncesinde \u00c7ar\u015f\u0131 Pazar Hareketlendi (video)"},"content":{"rendered":"<p>HOMS \u2013 Homs Kentinde vatanda\u015flar bayrama haz\u0131rlan\u0131rlarken \u00e7ar\u015f\u0131 pazarlarda yo\u011fun bir hareketlilik kaydedildi.<\/p>\n<p>Ak\u015fam ge\u00e7 saatlere kadar \u00e7ar\u015f\u0131 pazarlarda al\u0131\u015fveri\u015f yapan vatanda\u015flar; Suriyelilerin y\u0131llar sonra bu y\u0131l bayram\u0131 daha b\u00fcy\u00fck bir sevin\u00e7 ve heyecanla ya\u015fayacaklar\u0131n\u0131 ifade etti.<\/p>\n<p>https:\/\/www.youtube.com\/watch?v=v6W3G5oxDnA<\/p>\n<div id='gallery-1' class='gallery galleryid-157838 gallery-columns-1 gallery-size-full'><figure class='gallery-item'>\n\t\t\t<div class='gallery-icon landscape'>\n\t\t\t\t<a href='https:\/\/archive.sana.sy\/tr\/wp-content\/uploads\/2018\/08\/01-6.jpg'><img loading=\"lazy\" decoding=\"async\" width=\"1200\" height=\"686\" src=\"https:\/\/archive.sana.sy\/tr\/wp-content\/uploads\/2018\/08\/01-6.jpg\" class=\"attachment-full size-full\" alt=\"\" srcset=\"https:\/\/archive.sana.sy\/tr\/wp-content\/uploads\/2018\/08\/01-6.jpg 1200w, https:\/\/archive.sana.sy\/tr\/wp-content\/uploads\/2018\/08\/01-6-150x86.jpg 150w, https:\/\/archive.sana.sy\/tr\/wp-content\/uploads\/2018\/08\/01-6-300x172.jpg 300w, https:\/\/archive.sana.sy\/tr\/wp-content\/uploads\/2018\/08\/01-6-768x439.jpg 768w, https:\/\/archive.sana.sy\/tr\/wp-content\/uploads\/2018\/08\/01-6-1024x585.jpg 1024w\" sizes=\"auto, (max-width: 1200px) 100vw, 1200px\" \/><\/a>\n\t\t\t<\/div><\/figure><figure class='gallery-item'>\n\t\t\t<div class='gallery-icon landscape'>\n\t\t\t\t<a href='https:\/\/archive.sana.sy\/tr\/wp-content\/uploads\/2018\/08\/DSC_0021.jpg'><img loading=\"lazy\" decoding=\"async\" width=\"1200\" height=\"760\" src=\"https:\/\/archive.sana.sy\/tr\/wp-content\/uploads\/2018\/08\/DSC_0021.jpg\" class=\"attachment-full size-full\" alt=\"\" srcset=\"https:\/\/archive.sana.sy\/tr\/wp-content\/uploads\/2018\/08\/DSC_0021.jpg 1200w, https:\/\/archive.sana.sy\/tr\/wp-content\/uploads\/2018\/08\/DSC_0021-150x95.jpg 150w, https:\/\/archive.sana.sy\/tr\/wp-content\/uploads\/2018\/08\/DSC_0021-300x190.jpg 300w, https:\/\/archive.sana.sy\/tr\/wp-content\/uploads\/2018\/08\/DSC_0021-768x486.jpg 768w, https:\/\/archive.sana.sy\/tr\/wp-content\/uploads\/2018\/08\/DSC_0021-1024x649.jpg 1024w\" sizes=\"auto, (max-width: 1200px) 100vw, 1200px\" \/><\/a>\n\t\t\t<\/div><\/figure><figure class='gallery-item'>\n\t\t\t<div class='gallery-icon landscape'>\n\t\t\t\t<a href='https:\/\/archive.sana.sy\/tr\/wp-content\/uploads\/2018\/08\/DSC_0025.jpg'><img loading=\"lazy\" decoding=\"async\" width=\"1200\" height=\"826\" src=\"https:\/\/archive.sana.sy\/tr\/wp-content\/uploads\/2018\/08\/DSC_0025.jpg\" class=\"attachment-full size-full\" alt=\"\" srcset=\"https:\/\/archive.sana.sy\/tr\/wp-content\/uploads\/2018\/08\/DSC_0025.jpg 1200w, https:\/\/archive.sana.sy\/tr\/wp-content\/uploads\/2018\/08\/DSC_0025-150x103.jpg 150w, https:\/\/archive.sana.sy\/tr\/wp-content\/uploads\/2018\/08\/DSC_0025-300x207.jpg 300w, https:\/\/archive.sana.sy\/tr\/wp-content\/uploads\/2018\/08\/DSC_0025-768x529.jpg 768w, https:\/\/archive.sana.sy\/tr\/wp-content\/uploads\/2018\/08\/DSC_0025-1024x705.jpg 1024w, https:\/\/archive.sana.sy\/tr\/wp-content\/uploads\/2018\/08\/DSC_0025-110x75.jpg 110w\" sizes=\"auto, (max-width: 1200px) 100vw, 1200px\" \/><\/a>\n\t\t\t<\/div><\/figure><figure class='gallery-item'>\n\t\t\t<div class='gallery-icon landscape'>\n\t\t\t\t<a href='https:\/\/archive.sana.sy\/tr\/wp-content\/uploads\/2018\/08\/DSC_0048.jpg'><img loading=\"lazy\" decoding=\"async\" width=\"1200\" height=\"844\" src=\"https:\/\/archive.sana.sy\/tr\/wp-content\/uploads\/2018\/08\/DSC_0048.jpg\" class=\"attachment-full size-full\" alt=\"\" srcset=\"https:\/\/archive.sana.sy\/tr\/wp-content\/uploads\/2018\/08\/DSC_0048.jpg 1200w, https:\/\/archive.sana.sy\/tr\/wp-content\/uploads\/2018\/08\/DSC_0048-150x106.jpg 150w, https:\/\/archive.sana.sy\/tr\/wp-content\/uploads\/2018\/08\/DSC_0048-300x211.jpg 300w, https:\/\/archive.sana.sy\/tr\/wp-content\/uploads\/2018\/08\/DSC_0048-768x540.jpg 768w, https:\/\/archive.sana.sy\/tr\/wp-content\/uploads\/2018\/08\/DSC_0048-1024x720.jpg 1024w\" sizes=\"auto, (max-width: 1200px) 100vw, 1200px\" \/><\/a>\n\t\t\t<\/div><\/figure><figure class='gallery-item'>\n\t\t\t<div class='gallery-icon landscape'>\n\t\t\t\t<a href='https:\/\/archive.sana.sy\/tr\/wp-content\/uploads\/2018\/08\/DSC_0058.jpg'><img loading=\"lazy\" decoding=\"async\" width=\"1200\" height=\"800\" src=\"https:\/\/archive.sana.sy\/tr\/wp-content\/uploads\/2018\/08\/DSC_0058.jpg\" class=\"attachment-full size-full\" alt=\"\" srcset=\"https:\/\/archive.sana.sy\/tr\/wp-content\/uploads\/2018\/08\/DSC_0058.jpg 1200w, https:\/\/archive.sana.sy\/tr\/wp-content\/uploads\/2018\/08\/DSC_0058-150x100.jpg 150w, https:\/\/archive.sana.sy\/tr\/wp-content\/uploads\/2018\/08\/DSC_0058-300x200.jpg 300w, https:\/\/archive.sana.sy\/tr\/wp-content\/uploads\/2018\/08\/DSC_0058-768x512.jpg 768w, https:\/\/archive.sana.sy\/tr\/wp-content\/uploads\/2018\/08\/DSC_0058-1024x683.jpg 1024w\" sizes=\"auto, (max-width: 1200px) 100vw, 1200px\" \/><\/a>\n\t\t\t<\/div><\/figure><figure class='gallery-item'>\n\t\t\t<div class='gallery-icon landscape'>\n\t\t\t\t<a href='https:\/\/archive.sana.sy\/tr\/wp-content\/uploads\/2018\/08\/DSC_0071.jpg'><img loading=\"lazy\" decoding=\"async\" width=\"1200\" height=\"800\" src=\"https:\/\/archive.sana.sy\/tr\/wp-content\/uploads\/2018\/08\/DSC_0071.jpg\" class=\"attachment-full size-full\" alt=\"\" srcset=\"https:\/\/archive.sana.sy\/tr\/wp-content\/uploads\/2018\/08\/DSC_0071.jpg 1200w, https:\/\/archive.sana.sy\/tr\/wp-content\/uploads\/2018\/08\/DSC_0071-150x100.jpg 150w, https:\/\/archive.sana.sy\/tr\/wp-content\/uploads\/2018\/08\/DSC_0071-300x200.jpg 300w, https:\/\/archive.sana.sy\/tr\/wp-content\/uploads\/2018\/08\/DSC_0071-768x512.jpg 768w, https:\/\/archive.sana.sy\/tr\/wp-content\/uploads\/2018\/08\/DSC_0071-1024x683.jpg 1024w\" sizes=\"auto, (max-width: 1200px) 100vw, 1200px\" \/><\/a>\n\t\t\t<\/div><\/figure><figure class='gallery-item'>\n\t\t\t<div class='gallery-icon landscape'>\n\t\t\t\t<a href='https:\/\/archive.sana.sy\/tr\/wp-content\/uploads\/2018\/08\/DSC_0098.jpg'><img loading=\"lazy\" decoding=\"async\" width=\"1200\" height=\"783\" src=\"https:\/\/archive.sana.sy\/tr\/wp-content\/uploads\/2018\/08\/DSC_0098.jpg\" class=\"attachment-full size-full\" alt=\"\" srcset=\"https:\/\/archive.sana.sy\/tr\/wp-content\/uploads\/2018\/08\/DSC_0098.jpg 1200w, https:\/\/archive.sana.sy\/tr\/wp-content\/uploads\/2018\/08\/DSC_0098-150x98.jpg 150w, https:\/\/archive.sana.sy\/tr\/wp-content\/uploads\/2018\/08\/DSC_0098-300x196.jpg 300w, https:\/\/archive.sana.sy\/tr\/wp-content\/uploads\/2018\/08\/DSC_0098-768x501.jpg 768w, https:\/\/archive.sana.sy\/tr\/wp-content\/uploads\/2018\/08\/DSC_0098-1024x668.jpg 1024w\" sizes=\"auto, (max-width: 1200px) 100vw, 1200px\" \/><\/a>\n\t\t\t<\/div><\/figure><figure class='gallery-item'>\n\t\t\t<div class='gallery-icon landscape'>\n\t\t\t\t<a href='https:\/\/archive.sana.sy\/tr\/wp-content\/uploads\/2018\/08\/DSC_0108.jpg'><img loading=\"lazy\" decoding=\"async\" width=\"1200\" height=\"785\" src=\"https:\/\/archive.sana.sy\/tr\/wp-content\/uploads\/2018\/08\/DSC_0108.jpg\" class=\"attachment-full size-full\" alt=\"\" srcset=\"https:\/\/archive.sana.sy\/tr\/wp-content\/uploads\/2018\/08\/DSC_0108.jpg 1200w, https:\/\/archive.sana.sy\/tr\/wp-content\/uploads\/2018\/08\/DSC_0108-150x98.jpg 150w, https:\/\/archive.sana.sy\/tr\/wp-content\/uploads\/2018\/08\/DSC_0108-300x196.jpg 300w, https:\/\/archive.sana.sy\/tr\/wp-content\/uploads\/2018\/08\/DSC_0108-768x502.jpg 768w, https:\/\/archive.sana.sy\/tr\/wp-content\/uploads\/2018\/08\/DSC_0108-1024x670.jpg 1024w\" sizes=\"auto, (max-width: 1200px) 100vw, 1200px\" \/><\/a>\n\t\t\t<\/div><\/figure><figure class='gallery-item'>\n\t\t\t<div class='gallery-icon landscape'>\n\t\t\t\t<a href='https:\/\/archive.sana.sy\/tr\/wp-content\/uploads\/2018\/08\/DSC_0109.jpg'><img loading=\"lazy\" decoding=\"async\" width=\"1200\" height=\"684\" src=\"https:\/\/archive.sana.sy\/tr\/wp-content\/uploads\/2018\/08\/DSC_0109.jpg\" class=\"attachment-full size-full\" alt=\"\" srcset=\"https:\/\/archive.sana.sy\/tr\/wp-content\/uploads\/2018\/08\/DSC_0109.jpg 1200w, https:\/\/archive.sana.sy\/tr\/wp-content\/uploads\/2018\/08\/DSC_0109-150x86.jpg 150w, https:\/\/archive.sana.sy\/tr\/wp-content\/uploads\/2018\/08\/DSC_0109-300x171.jpg 300w, https:\/\/archive.sana.sy\/tr\/wp-content\/uploads\/2018\/08\/DSC_0109-768x438.jpg 768w, https:\/\/archive.sana.sy\/tr\/wp-content\/uploads\/2018\/08\/DSC_0109-1024x584.jpg 1024w\" sizes=\"auto, (max-width: 1200px) 100vw, 1200px\" \/><\/a>\n\t\t\t<\/div><\/figure>\n\t\t<\/div>\n\n","protected":false},"excerpt":{"rendered":"<p>HOMS \u2013 Homs Kentinde vatanda\u015flar bayrama haz\u0131rlan\u0131rlarken \u00e7ar\u015f\u0131 pazarlarda yo\u011fun bir hareketlilik kaydedildi. Ak\u015fam ge\u00e7 saatlere kadar \u00e7ar\u015f\u0131 pazarlarda al\u0131\u015fveri\u015f yapan vatanda\u015flar; Suriyelilerin y\u0131llar sonra bu y\u0131l bayram\u0131 daha b\u00fcy\u00fck bir sevin\u00e7 ve heyecanla ya\u015fayacaklar\u0131n\u0131 ifade etti. https:\/\/www.youtube.com\/watch?v=v6W3G5oxDnA<\/p>\n","protected":false},"author":1,"featured_media":157849,"comment_status":"closed","ping_status":"closed","sticky":false,"template":"","format":"standard","meta":{"footnotes":""},"categories":[485,596,479,486,17988,478],"tags":[20101,37238,21587,1293,16591,22181],"class_list":["post-157838","post","type-post","status-publish","format-standard","has-post-thumbnail","","category-is-ve-sermaye","category-fotografli-raporlar","category-haberler-yerel","category-haberler-is-ve-sermaye","category-son-haberler","category-yerel","tag-bayram","tag-bayram-hazirliklari","tag-carsi-pazarlar","tag-homs","tag-suriye","tag-suriyeliler"],"_links":{"self":[{"href":"https:\/\/archive.sana.sy\/tr\/index.php?rest_route=\/wp\/v2\/posts\/157838","targetHints":{"allow":["GET"]}}],"collection":[{"href":"https:\/\/archive.sana.sy\/tr\/index.php?rest_route=\/wp\/v2\/posts"}],"about":[{"href":"https:\/\/archive.sana.sy\/tr\/index.php?rest_route=\/wp\/v2\/types\/post"}],"author":[{"embeddable":true,"href":"https:\/\/archive.sana.sy\/tr\/index.php?rest_route=\/wp\/v2\/users\/1"}],"replies":[{"embeddable":true,"href":"https:\/\/archive.sana.sy\/tr\/index.php?rest_route=%2Fwp%2Fv2%2Fcomments&post=157838"}],"version-history":[{"count":0,"href":"https:\/\/archive.sana.sy\/tr\/index.php?rest_route=\/wp\/v2\/posts\/157838\/revisions"}],"wp:featuredmedia":[{"embeddable":true,"href":"https:\/\/archive.sana.sy\/tr\/index.php?rest_route=\/wp\/v2\/media\/157849"}],"wp:attachment":[{"href":"https:\/\/archive.sana.sy\/tr\/index.php?rest_route=%2Fwp%2Fv2%2Fmedia&parent=157838"}],"wp:term":[{"taxonomy":"category","embeddable":true,"href":"https:\/\/archive.sana.sy\/tr\/index.php?rest_route=%2Fwp%2Fv2%2Fcategories&post=157838"},{"taxonomy":"post_tag","embeddable":true,"href":"https:\/\/archive.sana.sy\/tr\/index.php?rest_route=%2Fwp%2Fv2%2Ftags&post=157838"}],"curies":[{"name":"wp","href":"https:\/\/api.w.org\/{rel}","templated":true}]}}