{"id":158025,"date":"2018-08-22T13:12:49","date_gmt":"2018-08-22T10:12:49","guid":{"rendered":"https:\/\/www.sana.sy\/tr\/?p=158025"},"modified":"2018-08-23T15:44:33","modified_gmt":"2018-08-23T12:44:33","slug":"derada-bu-yil-bayramin-tadi-daha-guzeldir","status":"publish","type":"post","link":"https:\/\/archive.sana.sy\/tr\/?p=158025","title":{"rendered":"Dera\u2019da Bu Y\u0131l Bayram\u0131n Tad\u0131 Daha G\u00fczeldir"},"content":{"rendered":"<p>DERA \u2013 Dera halk\u0131 sivilleri gaddar f\u00fczelerle, gasp ve sald\u0131r\u0131larla hedef alan kiral\u0131k ter\u00f6ristlerden kurtulmalar\u0131yla bu y\u0131l bayram\u0131n tad\u0131n\u0131 daha farkl\u0131 bir \u015fekilde ya\u015f\u0131yor.<\/p>\n<p>Y\u0131llard\u0131r d\u0131\u015f g\u00fc\u00e7lerin edatlar\u0131 kiral\u0131k ve radikal ter\u00f6ristlerin sald\u0131r\u0131lar\u0131na maruz kalan Dera halk\u0131; sab\u0131rla bekledikleri zaferin sevincini bayramda ifade ediyor.<\/p>\n<p>Vatanda\u015flar bu y\u0131l istedikleri gibi rahat ve huzurlu bir \u015fekilde bayram\u0131 ya\u015fad\u0131klar\u0131n\u0131, farkl\u0131 b\u00f6lgelerde herhangi bir ter\u00f6r sald\u0131r\u0131s\u0131 korkusu olmadan yak\u0131nlar\u0131yla bayramla\u015ft\u0131klar\u0131na dikkat \u00e7ekti.<\/p>\n<div id='gallery-1' class='gallery galleryid-158025 gallery-columns-3 gallery-size-thumbnail'><figure class='gallery-item'>\n\t\t\t<div class='gallery-icon landscape'>\n\t\t\t\t<a href='https:\/\/archive.sana.sy\/tr\/wp-content\/uploads\/2018\/08\/DSC_4759.jpg'><img loading=\"lazy\" decoding=\"async\" width=\"150\" height=\"100\" src=\"https:\/\/archive.sana.sy\/tr\/wp-content\/uploads\/2018\/08\/DSC_4759-150x100.jpg\" class=\"attachment-thumbnail size-thumbnail\" alt=\"\" srcset=\"https:\/\/archive.sana.sy\/tr\/wp-content\/uploads\/2018\/08\/DSC_4759-150x100.jpg 150w, https:\/\/archive.sana.sy\/tr\/wp-content\/uploads\/2018\/08\/DSC_4759-300x200.jpg 300w, https:\/\/archive.sana.sy\/tr\/wp-content\/uploads\/2018\/08\/DSC_4759-768x511.jpg 768w, https:\/\/archive.sana.sy\/tr\/wp-content\/uploads\/2018\/08\/DSC_4759-1024x681.jpg 1024w, https:\/\/archive.sana.sy\/tr\/wp-content\/uploads\/2018\/08\/DSC_4759-310x205.jpg 310w, https:\/\/archive.sana.sy\/tr\/wp-content\/uploads\/2018\/08\/DSC_4759.jpg 1200w\" sizes=\"auto, (max-width: 150px) 100vw, 150px\" \/><\/a>\n\t\t\t<\/div><\/figure><figure class='gallery-item'>\n\t\t\t<div class='gallery-icon landscape'>\n\t\t\t\t<a href='https:\/\/archive.sana.sy\/tr\/wp-content\/uploads\/2018\/08\/DSC08598.jpg'><img loading=\"lazy\" decoding=\"async\" width=\"150\" height=\"92\" src=\"https:\/\/archive.sana.sy\/tr\/wp-content\/uploads\/2018\/08\/DSC08598-150x92.jpg\" class=\"attachment-thumbnail size-thumbnail\" alt=\"\" srcset=\"https:\/\/archive.sana.sy\/tr\/wp-content\/uploads\/2018\/08\/DSC08598-150x92.jpg 150w, https:\/\/archive.sana.sy\/tr\/wp-content\/uploads\/2018\/08\/DSC08598-300x185.jpg 300w, https:\/\/archive.sana.sy\/tr\/wp-content\/uploads\/2018\/08\/DSC08598-768x472.jpg 768w, https:\/\/archive.sana.sy\/tr\/wp-content\/uploads\/2018\/08\/DSC08598-1024x630.jpg 1024w, https:\/\/archive.sana.sy\/tr\/wp-content\/uploads\/2018\/08\/DSC08598.jpg 1200w\" sizes=\"auto, (max-width: 150px) 100vw, 150px\" \/><\/a>\n\t\t\t<\/div><\/figure><figure class='gallery-item'>\n\t\t\t<div class='gallery-icon landscape'>\n\t\t\t\t<a href='https:\/\/archive.sana.sy\/tr\/wp-content\/uploads\/2018\/08\/DSC_4709.jpg'><img loading=\"lazy\" decoding=\"async\" width=\"150\" height=\"89\" src=\"https:\/\/archive.sana.sy\/tr\/wp-content\/uploads\/2018\/08\/DSC_4709-150x89.jpg\" class=\"attachment-thumbnail size-thumbnail\" alt=\"\" srcset=\"https:\/\/archive.sana.sy\/tr\/wp-content\/uploads\/2018\/08\/DSC_4709-150x89.jpg 150w, https:\/\/archive.sana.sy\/tr\/wp-content\/uploads\/2018\/08\/DSC_4709-300x178.jpg 300w, https:\/\/archive.sana.sy\/tr\/wp-content\/uploads\/2018\/08\/DSC_4709-768x455.jpg 768w, https:\/\/archive.sana.sy\/tr\/wp-content\/uploads\/2018\/08\/DSC_4709-1024x607.jpg 1024w, https:\/\/archive.sana.sy\/tr\/wp-content\/uploads\/2018\/08\/DSC_4709.jpg 1200w\" sizes=\"auto, (max-width: 150px) 100vw, 150px\" \/><\/a>\n\t\t\t<\/div><\/figure><figure class='gallery-item'>\n\t\t\t<div class='gallery-icon landscape'>\n\t\t\t\t<a href='https:\/\/archive.sana.sy\/tr\/wp-content\/uploads\/2018\/08\/DSC_4710.jpg'><img loading=\"lazy\" decoding=\"async\" width=\"150\" height=\"92\" src=\"https:\/\/archive.sana.sy\/tr\/wp-content\/uploads\/2018\/08\/DSC_4710-150x92.jpg\" class=\"attachment-thumbnail size-thumbnail\" alt=\"\" srcset=\"https:\/\/archive.sana.sy\/tr\/wp-content\/uploads\/2018\/08\/DSC_4710-150x92.jpg 150w, https:\/\/archive.sana.sy\/tr\/wp-content\/uploads\/2018\/08\/DSC_4710-300x183.jpg 300w, https:\/\/archive.sana.sy\/tr\/wp-content\/uploads\/2018\/08\/DSC_4710-768x469.jpg 768w, https:\/\/archive.sana.sy\/tr\/wp-content\/uploads\/2018\/08\/DSC_4710-1024x625.jpg 1024w, https:\/\/archive.sana.sy\/tr\/wp-content\/uploads\/2018\/08\/DSC_4710.jpg 1200w\" sizes=\"auto, (max-width: 150px) 100vw, 150px\" \/><\/a>\n\t\t\t<\/div><\/figure><figure class='gallery-item'>\n\t\t\t<div class='gallery-icon landscape'>\n\t\t\t\t<a href='https:\/\/archive.sana.sy\/tr\/wp-content\/uploads\/2018\/08\/DSC_4719.jpg'><img loading=\"lazy\" decoding=\"async\" width=\"150\" height=\"89\" src=\"https:\/\/archive.sana.sy\/tr\/wp-content\/uploads\/2018\/08\/DSC_4719-150x89.jpg\" class=\"attachment-thumbnail size-thumbnail\" alt=\"\" srcset=\"https:\/\/archive.sana.sy\/tr\/wp-content\/uploads\/2018\/08\/DSC_4719-150x89.jpg 150w, https:\/\/archive.sana.sy\/tr\/wp-content\/uploads\/2018\/08\/DSC_4719-300x177.jpg 300w, https:\/\/archive.sana.sy\/tr\/wp-content\/uploads\/2018\/08\/DSC_4719-768x453.jpg 768w, https:\/\/archive.sana.sy\/tr\/wp-content\/uploads\/2018\/08\/DSC_4719-1024x604.jpg 1024w, https:\/\/archive.sana.sy\/tr\/wp-content\/uploads\/2018\/08\/DSC_4719.jpg 1200w\" sizes=\"auto, (max-width: 150px) 100vw, 150px\" \/><\/a>\n\t\t\t<\/div><\/figure><figure class='gallery-item'>\n\t\t\t<div class='gallery-icon landscape'>\n\t\t\t\t<a href='https:\/\/archive.sana.sy\/tr\/wp-content\/uploads\/2018\/08\/DSC_4721-1.jpg'><img loading=\"lazy\" decoding=\"async\" width=\"150\" height=\"97\" src=\"https:\/\/archive.sana.sy\/tr\/wp-content\/uploads\/2018\/08\/DSC_4721-1-150x97.jpg\" class=\"attachment-thumbnail size-thumbnail\" alt=\"\" srcset=\"https:\/\/archive.sana.sy\/tr\/wp-content\/uploads\/2018\/08\/DSC_4721-1-150x97.jpg 150w, https:\/\/archive.sana.sy\/tr\/wp-content\/uploads\/2018\/08\/DSC_4721-1-300x194.jpg 300w, https:\/\/archive.sana.sy\/tr\/wp-content\/uploads\/2018\/08\/DSC_4721-1-768x497.jpg 768w, https:\/\/archive.sana.sy\/tr\/wp-content\/uploads\/2018\/08\/DSC_4721-1-1024x663.jpg 1024w, https:\/\/archive.sana.sy\/tr\/wp-content\/uploads\/2018\/08\/DSC_4721-1.jpg 1200w\" sizes=\"auto, (max-width: 150px) 100vw, 150px\" \/><\/a>\n\t\t\t<\/div><\/figure>\n\t\t<\/div>\n\n","protected":false},"excerpt":{"rendered":"<p>DERA \u2013 Dera halk\u0131 sivilleri gaddar f\u00fczelerle, gasp ve sald\u0131r\u0131larla hedef alan kiral\u0131k ter\u00f6ristlerden kurtulmalar\u0131yla bu y\u0131l bayram\u0131n tad\u0131n\u0131 daha farkl\u0131 bir \u015fekilde ya\u015f\u0131yor. Y\u0131llard\u0131r d\u0131\u015f g\u00fc\u00e7lerin edatlar\u0131 kiral\u0131k ve radikal ter\u00f6ristlerin sald\u0131r\u0131lar\u0131na maruz kalan Dera halk\u0131; sab\u0131rla bekledikleri zaferin sevincini bayramda ifade ediyor. Vatanda\u015flar bu y\u0131l istedikleri gibi rahat ve huzurlu bir \u015fekilde bayram\u0131 &hellip;<\/p>\n","protected":false},"author":1,"featured_media":158033,"comment_status":"closed","ping_status":"closed","sticky":false,"template":"","format":"standard","meta":{"footnotes":""},"categories":[596,526,541,479,17988,525,538,478],"tags":[20101,30790,1295,16591,13043,22181],"class_list":["post-158025","post","type-post","status-publish","format-standard","has-post-thumbnail","","category-fotografli-raporlar","category-haber-ve-raporlar","category-haberler","category-haberler-yerel","category-son-haberler","category-toplum","category-yasam","category-yerel","tag-bayram","tag-dara","tag-dera","tag-suriye","tag-suriye-halki","tag-suriyeliler"],"_links":{"self":[{"href":"https:\/\/archive.sana.sy\/tr\/index.php?rest_route=\/wp\/v2\/posts\/158025","targetHints":{"allow":["GET"]}}],"collection":[{"href":"https:\/\/archive.sana.sy\/tr\/index.php?rest_route=\/wp\/v2\/posts"}],"about":[{"href":"https:\/\/archive.sana.sy\/tr\/index.php?rest_route=\/wp\/v2\/types\/post"}],"author":[{"embeddable":true,"href":"https:\/\/archive.sana.sy\/tr\/index.php?rest_route=\/wp\/v2\/users\/1"}],"replies":[{"embeddable":true,"href":"https:\/\/archive.sana.sy\/tr\/index.php?rest_route=%2Fwp%2Fv2%2Fcomments&post=158025"}],"version-history":[{"count":0,"href":"https:\/\/archive.sana.sy\/tr\/index.php?rest_route=\/wp\/v2\/posts\/158025\/revisions"}],"wp:featuredmedia":[{"embeddable":true,"href":"https:\/\/archive.sana.sy\/tr\/index.php?rest_route=\/wp\/v2\/media\/158033"}],"wp:attachment":[{"href":"https:\/\/archive.sana.sy\/tr\/index.php?rest_route=%2Fwp%2Fv2%2Fmedia&parent=158025"}],"wp:term":[{"taxonomy":"category","embeddable":true,"href":"https:\/\/archive.sana.sy\/tr\/index.php?rest_route=%2Fwp%2Fv2%2Fcategories&post=158025"},{"taxonomy":"post_tag","embeddable":true,"href":"https:\/\/archive.sana.sy\/tr\/index.php?rest_route=%2Fwp%2Fv2%2Ftags&post=158025"}],"curies":[{"name":"wp","href":"https:\/\/api.w.org\/{rel}","templated":true}]}}