{"id":158051,"date":"2018-08-22T21:44:24","date_gmt":"2018-08-22T18:44:24","guid":{"rendered":"https:\/\/www.sana.sy\/tr\/?p=158051"},"modified":"2018-08-23T15:44:09","modified_gmt":"2018-08-23T12:44:09","slug":"tehcir-edilen-suriyelilerden-yeni-bir-kafile-daha-lubnandan-suriyeye-donus-yapti","status":"publish","type":"post","link":"https:\/\/archive.sana.sy\/tr\/?p=158051","title":{"rendered":"Tehcir Edilen Suriyelilerden Yeni Bir Kafile Daha Vatana D\u00f6nd\u00fc"},"content":{"rendered":"<p>\u015eAM KIRSALI \u2013 Tehcir edilen Suriyelierden olu\u015fan yeni bir kafile daha bug\u00fcn Cedeydet Yabus s\u0131n\u0131r ge\u00e7idinden Suriye&#8217;ye giri\u015f yapt\u0131. Gelen Suriyeliler, daha \u00f6nce ter\u00f6rist gruplar\u0131n vah\u015fetinden ka\u00e7t\u0131klar\u0131 \u015eam Bat\u0131 K\u0131rsal\u0131ndaki evlerine otob\u00fcslerle ta\u015f\u0131nd\u0131.<\/p>\n<p>SANA muhabiri, yeni kafilenin Cdeydet Yabus s\u0131n\u0131r ge\u00e7idinde kar\u015f\u0131land\u0131klar\u0131n\u0131 ve \u015eam&#8217;\u0131n g\u00fcneybat\u0131s\u0131ndaki Muaddamiyet el \u015eam&#8217;daki evlerine ta\u015f\u0131nd\u0131klar\u0131na i\u015faret etti.<\/p>\n<p>Geri \u00f6n\u00fc\u015f yapan baz\u0131 Suriyeliler, evlerine d\u00f6n\u00fc\u015f kararlar\u0131n\u0131n Suriye Arap Ordusunun kentlerini ter\u00f6rden temizlemesi ve g\u00fcvenli\u011fini sa\u011flamas\u0131 ard\u0131ndan geldi\u011fini, ter\u00f6rist \u00f6rg\u00fctlerin ter\u00f6r ve icram\u0131ndan uzak bir \u015fekilde normal ya\u015famlar\u0131n\u0131 s\u00fcrd\u00fcrme imkan\u0131 oldu\u011funu vurgulad\u0131lar.<\/p>\n<p>Evlerine ve anavatanlar\u0131na d\u00f6nen tehcir edilmi\u015f Suriyelier, tekfiri ter\u00f6rist \u00f6rg\u00fctlerin tehcir etti\u011fi b\u00fct\u00fcn herkesi, Suriye Arap Ordusunun fedakarl\u0131klar\u0131 sayesinde g\u00fcven ve istikrar\u0131n sa\u011fland\u0131\u011f\u0131 k\u00f6y, belde ve kentlerine geri d\u00f6n\u00fc\u015f \u00e7a\u011fr\u0131s\u0131 yapt\u0131lar.<\/p>\n<p>S. \u015eahhut.<\/p>\n<div id='gallery-1' class='gallery galleryid-158051 gallery-columns-2 gallery-size-thumbnail'><figure class='gallery-item'>\n\t\t\t<div class='gallery-icon landscape'>\n\t\t\t\t<a href='https:\/\/archive.sana.sy\/tr\/wp-content\/uploads\/2018\/08\/2-58.jpg'><img loading=\"lazy\" decoding=\"async\" width=\"150\" height=\"90\" src=\"https:\/\/archive.sana.sy\/tr\/wp-content\/uploads\/2018\/08\/2-58-150x90.jpg\" class=\"attachment-thumbnail size-thumbnail\" alt=\"\" srcset=\"https:\/\/archive.sana.sy\/tr\/wp-content\/uploads\/2018\/08\/2-58-150x90.jpg 150w, https:\/\/archive.sana.sy\/tr\/wp-content\/uploads\/2018\/08\/2-58-300x181.jpg 300w, https:\/\/archive.sana.sy\/tr\/wp-content\/uploads\/2018\/08\/2-58.jpg 687w\" sizes=\"auto, (max-width: 150px) 100vw, 150px\" \/><\/a>\n\t\t\t<\/div><\/figure><figure class='gallery-item'>\n\t\t\t<div class='gallery-icon landscape'>\n\t\t\t\t<a href='https:\/\/archive.sana.sy\/tr\/wp-content\/uploads\/2018\/08\/3-43.jpg'><img loading=\"lazy\" decoding=\"async\" width=\"150\" height=\"91\" src=\"https:\/\/archive.sana.sy\/tr\/wp-content\/uploads\/2018\/08\/3-43-150x91.jpg\" class=\"attachment-thumbnail size-thumbnail\" alt=\"\" srcset=\"https:\/\/archive.sana.sy\/tr\/wp-content\/uploads\/2018\/08\/3-43-150x91.jpg 150w, https:\/\/archive.sana.sy\/tr\/wp-content\/uploads\/2018\/08\/3-43-300x182.jpg 300w, https:\/\/archive.sana.sy\/tr\/wp-content\/uploads\/2018\/08\/3-43.jpg 696w\" sizes=\"auto, (max-width: 150px) 100vw, 150px\" \/><\/a>\n\t\t\t<\/div><\/figure>\n\t\t<\/div>\n\n","protected":false},"excerpt":{"rendered":"<p>\u015eAM KIRSALI \u2013 Tehcir edilen Suriyelierden olu\u015fan yeni bir kafile daha bug\u00fcn Cedeydet Yabus s\u0131n\u0131r ge\u00e7idinden Suriye&#8217;ye giri\u015f yapt\u0131. Gelen Suriyeliler, daha \u00f6nce ter\u00f6rist gruplar\u0131n vah\u015fetinden ka\u00e7t\u0131klar\u0131 \u015eam Bat\u0131 K\u0131rsal\u0131ndaki evlerine otob\u00fcslerle ta\u015f\u0131nd\u0131. SANA muhabiri, yeni kafilenin Cdeydet Yabus s\u0131n\u0131r ge\u00e7idinde kar\u015f\u0131land\u0131klar\u0131n\u0131 ve \u015eam&#8217;\u0131n g\u00fcneybat\u0131s\u0131ndaki Muaddamiyet el \u015eam&#8217;daki evlerine ta\u015f\u0131nd\u0131klar\u0131na i\u015faret etti. Geri \u00f6n\u00fc\u015f yapan &hellip;<\/p>\n","protected":false},"author":1,"featured_media":158052,"comment_status":"closed","ping_status":"closed","sticky":false,"template":"","format":"standard","meta":{"footnotes":""},"categories":[596,479,17988,478],"tags":[16591,18442,22181,31193],"class_list":["post-158051","post","type-post","status-publish","format-standard","has-post-thumbnail","","category-fotografli-raporlar","category-haberler-yerel","category-son-haberler","category-yerel","tag-suriye","tag-suriyeli-multeciler","tag-suriyeliler","tag-suriyeliler-donuyor"],"_links":{"self":[{"href":"https:\/\/archive.sana.sy\/tr\/index.php?rest_route=\/wp\/v2\/posts\/158051","targetHints":{"allow":["GET"]}}],"collection":[{"href":"https:\/\/archive.sana.sy\/tr\/index.php?rest_route=\/wp\/v2\/posts"}],"about":[{"href":"https:\/\/archive.sana.sy\/tr\/index.php?rest_route=\/wp\/v2\/types\/post"}],"author":[{"embeddable":true,"href":"https:\/\/archive.sana.sy\/tr\/index.php?rest_route=\/wp\/v2\/users\/1"}],"replies":[{"embeddable":true,"href":"https:\/\/archive.sana.sy\/tr\/index.php?rest_route=%2Fwp%2Fv2%2Fcomments&post=158051"}],"version-history":[{"count":0,"href":"https:\/\/archive.sana.sy\/tr\/index.php?rest_route=\/wp\/v2\/posts\/158051\/revisions"}],"wp:featuredmedia":[{"embeddable":true,"href":"https:\/\/archive.sana.sy\/tr\/index.php?rest_route=\/wp\/v2\/media\/158052"}],"wp:attachment":[{"href":"https:\/\/archive.sana.sy\/tr\/index.php?rest_route=%2Fwp%2Fv2%2Fmedia&parent=158051"}],"wp:term":[{"taxonomy":"category","embeddable":true,"href":"https:\/\/archive.sana.sy\/tr\/index.php?rest_route=%2Fwp%2Fv2%2Fcategories&post=158051"},{"taxonomy":"post_tag","embeddable":true,"href":"https:\/\/archive.sana.sy\/tr\/index.php?rest_route=%2Fwp%2Fv2%2Ftags&post=158051"}],"curies":[{"name":"wp","href":"https:\/\/api.w.org\/{rel}","templated":true}]}}