{"id":158057,"date":"2018-08-23T15:21:28","date_gmt":"2018-08-23T12:21:28","guid":{"rendered":"https:\/\/www.sana.sy\/tr\/?p=158057"},"modified":"2018-08-24T14:08:18","modified_gmt":"2018-08-24T11:08:18","slug":"bolge-ahalisi-tam-bir-isbirligi-sergiliyor","status":"publish","type":"post","link":"https:\/\/archive.sana.sy\/tr\/?p=158057","title":{"rendered":"B\u00f6lge Ahalisi Tam Bir \u0130\u015fbirli\u011fi Sergiliyor"},"content":{"rendered":"<p>KUNAYTRA \u2013 Kunaytra k\u0131rsal\u0131nda \u0130srail\u2019e tabili\u011fi ile bilinen ve uluslar aras\u0131 ter\u00f6r \u00f6rg\u00fctleri listesinde yer alan Nusra Cephesi ve \u00e7at\u0131s\u0131 alt\u0131ndaki ter\u00f6ristlerden ar\u0131nd\u0131r\u0131lan b\u00f6lgelerde arama tarama operasyonlar\u0131 devam ediyor.<\/p>\n<p>Ter\u00f6ristlerin yok olmadan \u00f6nce \u00f6zel ve kamu m\u00fclklere yerle\u015ftirdikleri bomba d\u00fczenekleri ve may\u0131nlar\u0131 temizleyip halk\u0131n g\u00fcvenli\u011fini peki\u015ftirme ama\u00e7l\u0131 operasyonlarda ter\u00f6ristlere ait geli\u015fmi\u015f t\u0131bbi cihaz ve ekipmanlarla donat\u0131lm\u0131\u015f bir sahra hastanesi ele ge\u00e7irildi.<\/p>\n<p>SANA muhabiri Rfeyyid Beldesinde bulunan sahra hastanesinde radikal ter\u00f6ristlerin \u0130srail\u2019in deste\u011fi ile temin ettikleri MR cihaz\u0131 ve geli\u015fmi\u015f t\u0131bbi ekipmanlar\u0131n ele ge\u00e7irildi\u011fini aktard\u0131.<\/p>\n<p>B\u00f6lge ahalisinin arama tarama operasyonlar\u0131 s\u0131ras\u0131nda gayet \u00f6nemli bilgiler verip tam bir i\u015fbirli\u011fi sergilediklerine dikkat \u00e7eken muhabir; ter\u00f6ristlerin yok edilmeden \u00f6nce g\u00f6md\u00fckleri silah ve ekipmanlar, sahra hastaneleri ve benzeri ter\u00f6r kal\u0131nt\u0131lar\u0131 ihbar ettiklerini belirtti.<\/p>\n","protected":false},"excerpt":{"rendered":"<p>KUNAYTRA \u2013 Kunaytra k\u0131rsal\u0131nda \u0130srail\u2019e tabili\u011fi ile bilinen ve uluslar aras\u0131 ter\u00f6r \u00f6rg\u00fctleri listesinde yer alan Nusra Cephesi ve \u00e7at\u0131s\u0131 alt\u0131ndaki ter\u00f6ristlerden ar\u0131nd\u0131r\u0131lan b\u00f6lgelerde arama tarama operasyonlar\u0131 devam ediyor. Ter\u00f6ristlerin yok olmadan \u00f6nce \u00f6zel ve kamu m\u00fclklere yerle\u015ftirdikleri bomba d\u00fczenekleri ve may\u0131nlar\u0131 temizleyip halk\u0131n g\u00fcvenli\u011fini peki\u015ftirme ama\u00e7l\u0131 operasyonlarda ter\u00f6ristlere ait geli\u015fmi\u015f t\u0131bbi cihaz ve ekipmanlarla &hellip;<\/p>\n","protected":false},"author":1,"featured_media":158069,"comment_status":"closed","ping_status":"closed","sticky":false,"template":"","format":"standard","meta":{"footnotes":""},"categories":[479,575,17988,478],"tags":[25259,36779,16591,19034],"class_list":["post-158057","post","type-post","status-publish","format-standard","has-post-thumbnail","","category-haberler-yerel","category-olaylar-ve-gercekler","category-son-haberler","category-yerel","tag-israil-destekli-muhalifler","tag-sahra-hastanesi","tag-suriye","tag-suriyeli-muhalifler"],"_links":{"self":[{"href":"https:\/\/archive.sana.sy\/tr\/index.php?rest_route=\/wp\/v2\/posts\/158057","targetHints":{"allow":["GET"]}}],"collection":[{"href":"https:\/\/archive.sana.sy\/tr\/index.php?rest_route=\/wp\/v2\/posts"}],"about":[{"href":"https:\/\/archive.sana.sy\/tr\/index.php?rest_route=\/wp\/v2\/types\/post"}],"author":[{"embeddable":true,"href":"https:\/\/archive.sana.sy\/tr\/index.php?rest_route=\/wp\/v2\/users\/1"}],"replies":[{"embeddable":true,"href":"https:\/\/archive.sana.sy\/tr\/index.php?rest_route=%2Fwp%2Fv2%2Fcomments&post=158057"}],"version-history":[{"count":0,"href":"https:\/\/archive.sana.sy\/tr\/index.php?rest_route=\/wp\/v2\/posts\/158057\/revisions"}],"wp:featuredmedia":[{"embeddable":true,"href":"https:\/\/archive.sana.sy\/tr\/index.php?rest_route=\/wp\/v2\/media\/158069"}],"wp:attachment":[{"href":"https:\/\/archive.sana.sy\/tr\/index.php?rest_route=%2Fwp%2Fv2%2Fmedia&parent=158057"}],"wp:term":[{"taxonomy":"category","embeddable":true,"href":"https:\/\/archive.sana.sy\/tr\/index.php?rest_route=%2Fwp%2Fv2%2Fcategories&post=158057"},{"taxonomy":"post_tag","embeddable":true,"href":"https:\/\/archive.sana.sy\/tr\/index.php?rest_route=%2Fwp%2Fv2%2Ftags&post=158057"}],"curies":[{"name":"wp","href":"https:\/\/api.w.org\/{rel}","templated":true}]}}