{"id":158068,"date":"2018-08-23T14:00:39","date_gmt":"2018-08-23T11:00:39","guid":{"rendered":"https:\/\/www.sana.sy\/tr\/?p=158068"},"modified":"2018-08-24T12:52:46","modified_gmt":"2018-08-24T09:52:46","slug":"tum-dunyaya-un-salan-sam-mucevherat-sanati-video","status":"publish","type":"post","link":"https:\/\/archive.sana.sy\/tr\/?p=158068","title":{"rendered":"T\u00fcm D\u00fcnyaya \u00dcn Salan \u015eam M\u00fccevherat Sanat\u0131 (video)"},"content":{"rendered":"<p>\u015eAM \u2013 Suriye&#8217;nin t\u00fcm d\u00fcnyaya \u00fcn sald\u0131\u011f\u0131 m\u00fccevherat sanat\u0131 \u015eam zanaatk\u00e2rlar\u0131 taraf\u0131ndan farkl\u0131 bir h\u00fcnerle i\u015fleniyor.<\/p>\n<p>Y\u00fczy\u0131llard\u0131r bu i\u015fin \u00fcstad\u0131 olduklar\u0131n\u0131 kan\u0131tlayan zanaatk\u00e2rlar, ge\u00e7mi\u015fi ve g\u00fcn\u00fcm\u00fcz\u00fc, folklor ve modernli\u011fi harmanlay\u0131p, b\u00fcy\u00fcleyici eserler ortaya koyuyor.<\/p>\n<p>https:\/\/www.youtube.com\/watch?v=VV78nxRaHds<\/p>\n","protected":false},"excerpt":{"rendered":"<p>\u015eAM \u2013 Suriye&#8217;nin t\u00fcm d\u00fcnyaya \u00fcn sald\u0131\u011f\u0131 m\u00fccevherat sanat\u0131 \u015eam zanaatk\u00e2rlar\u0131 taraf\u0131ndan farkl\u0131 bir h\u00fcnerle i\u015fleniyor. Y\u00fczy\u0131llard\u0131r bu i\u015fin \u00fcstad\u0131 olduklar\u0131n\u0131 kan\u0131tlayan zanaatk\u00e2rlar, ge\u00e7mi\u015fi ve g\u00fcn\u00fcm\u00fcz\u00fc, folklor ve modernli\u011fi harmanlay\u0131p, b\u00fcy\u00fcleyici eserler ortaya koyuyor. https:\/\/www.youtube.com\/watch?v=VV78nxRaHds<\/p>\n","protected":false},"author":1,"featured_media":158084,"comment_status":"closed","ping_status":"closed","sticky":false,"template":"","format":"standard","meta":{"footnotes":""},"categories":[479,516,511,17988,478],"tags":[37257,37258,16591,22181,37259],"class_list":["post-158068","post","type-post","status-publish","format-standard","has-post-thumbnail","","category-haberler-yerel","category-haberler-kultur-ve-sanat","category-kultur-ve-sanat","category-son-haberler","category-yerel","tag-mucevherat-sanati","tag-sam-sanatlari","tag-suriye","tag-suriyeliler","tag-zanaatkarlik"],"_links":{"self":[{"href":"https:\/\/archive.sana.sy\/tr\/index.php?rest_route=\/wp\/v2\/posts\/158068","targetHints":{"allow":["GET"]}}],"collection":[{"href":"https:\/\/archive.sana.sy\/tr\/index.php?rest_route=\/wp\/v2\/posts"}],"about":[{"href":"https:\/\/archive.sana.sy\/tr\/index.php?rest_route=\/wp\/v2\/types\/post"}],"author":[{"embeddable":true,"href":"https:\/\/archive.sana.sy\/tr\/index.php?rest_route=\/wp\/v2\/users\/1"}],"replies":[{"embeddable":true,"href":"https:\/\/archive.sana.sy\/tr\/index.php?rest_route=%2Fwp%2Fv2%2Fcomments&post=158068"}],"version-history":[{"count":0,"href":"https:\/\/archive.sana.sy\/tr\/index.php?rest_route=\/wp\/v2\/posts\/158068\/revisions"}],"wp:featuredmedia":[{"embeddable":true,"href":"https:\/\/archive.sana.sy\/tr\/index.php?rest_route=\/wp\/v2\/media\/158084"}],"wp:attachment":[{"href":"https:\/\/archive.sana.sy\/tr\/index.php?rest_route=%2Fwp%2Fv2%2Fmedia&parent=158068"}],"wp:term":[{"taxonomy":"category","embeddable":true,"href":"https:\/\/archive.sana.sy\/tr\/index.php?rest_route=%2Fwp%2Fv2%2Fcategories&post=158068"},{"taxonomy":"post_tag","embeddable":true,"href":"https:\/\/archive.sana.sy\/tr\/index.php?rest_route=%2Fwp%2Fv2%2Ftags&post=158068"}],"curies":[{"name":"wp","href":"https:\/\/api.w.org\/{rel}","templated":true}]}}