{"id":158086,"date":"2018-08-23T10:42:03","date_gmt":"2018-08-23T07:42:03","guid":{"rendered":"https:\/\/www.sana.sy\/tr\/?p=158086"},"modified":"2018-08-24T12:52:57","modified_gmt":"2018-08-24T09:52:57","slug":"de-mistura-garantor-ulkelerin-temsilcileriyle-gorusecek","status":"publish","type":"post","link":"https:\/\/archive.sana.sy\/tr\/?p=158086","title":{"rendered":"De Mistura Garant\u00f6r \u00dclkelerin Temsilcileriyle G\u00f6r\u00fc\u015fecek"},"content":{"rendered":"<p>CENEVRE \u2013 Birle\u015fmi\u015f Milletler Suriye \u00f6zel temsilcisi Staffan de Mistura; Suriye konusunda garant\u00f6r \u00fclkeler Rusya, \u0130ran ve T\u00fcrkiye temsilcileri ile 11-12 Eyl\u00fcl tarihleri aras\u0131nda Cenevre&#8217;de bir araya gelece\u011fini ilan etti.<\/p>\n<p>Rusya&#8217;n\u0131n Tass Haber Ajans\u0131n\u0131n bug\u00fcn aktard\u0131\u011f\u0131 a\u00e7\u0131klamalar\u0131nda de Mistura; s\u00f6z konusu \u00fc\u00e7 garant\u00f6r \u00fclkenin temsilcisinin kendisiyle m\u00fc\u015faverelerde bulunmalar\u0131 i\u00e7in 11-12 Eyl\u00fcl tarihlerinde Cenevre\u2019ye davet edildiklerini s\u00f6yledi.<\/p>\n","protected":false},"excerpt":{"rendered":"<p>CENEVRE \u2013 Birle\u015fmi\u015f Milletler Suriye \u00f6zel temsilcisi Staffan de Mistura; Suriye konusunda garant\u00f6r \u00fclkeler Rusya, \u0130ran ve T\u00fcrkiye temsilcileri ile 11-12 Eyl\u00fcl tarihleri aras\u0131nda Cenevre&#8217;de bir araya gelece\u011fini ilan etti. Rusya&#8217;n\u0131n Tass Haber Ajans\u0131n\u0131n bug\u00fcn aktard\u0131\u011f\u0131 a\u00e7\u0131klamalar\u0131nda de Mistura; s\u00f6z konusu \u00fc\u00e7 garant\u00f6r \u00fclkenin temsilcisinin kendisiyle m\u00fc\u015faverelerde bulunmalar\u0131 i\u00e7in 11-12 Eyl\u00fcl tarihlerinde Cenevre\u2019ye davet edildiklerini &hellip;<\/p>\n","protected":false},"author":1,"featured_media":158090,"comment_status":"closed","ping_status":"closed","sticky":false,"template":"","format":"standard","meta":{"footnotes":""},"categories":[458,459,17988],"tags":[18473,29218,18472,16591],"class_list":["post-158086","post","type-post","status-publish","format-standard","has-post-thumbnail","","category-dunya1","category-haberler-arap-uluslararasi-politika","category-son-haberler","tag-cenevre-gorusmeleri","tag-garantor-ulkeler","tag-staffan-de-mistura","tag-suriye"],"_links":{"self":[{"href":"https:\/\/archive.sana.sy\/tr\/index.php?rest_route=\/wp\/v2\/posts\/158086","targetHints":{"allow":["GET"]}}],"collection":[{"href":"https:\/\/archive.sana.sy\/tr\/index.php?rest_route=\/wp\/v2\/posts"}],"about":[{"href":"https:\/\/archive.sana.sy\/tr\/index.php?rest_route=\/wp\/v2\/types\/post"}],"author":[{"embeddable":true,"href":"https:\/\/archive.sana.sy\/tr\/index.php?rest_route=\/wp\/v2\/users\/1"}],"replies":[{"embeddable":true,"href":"https:\/\/archive.sana.sy\/tr\/index.php?rest_route=%2Fwp%2Fv2%2Fcomments&post=158086"}],"version-history":[{"count":0,"href":"https:\/\/archive.sana.sy\/tr\/index.php?rest_route=\/wp\/v2\/posts\/158086\/revisions"}],"wp:featuredmedia":[{"embeddable":true,"href":"https:\/\/archive.sana.sy\/tr\/index.php?rest_route=\/wp\/v2\/media\/158090"}],"wp:attachment":[{"href":"https:\/\/archive.sana.sy\/tr\/index.php?rest_route=%2Fwp%2Fv2%2Fmedia&parent=158086"}],"wp:term":[{"taxonomy":"category","embeddable":true,"href":"https:\/\/archive.sana.sy\/tr\/index.php?rest_route=%2Fwp%2Fv2%2Fcategories&post=158086"},{"taxonomy":"post_tag","embeddable":true,"href":"https:\/\/archive.sana.sy\/tr\/index.php?rest_route=%2Fwp%2Fv2%2Ftags&post=158086"}],"curies":[{"name":"wp","href":"https:\/\/api.w.org\/{rel}","templated":true}]}}