{"id":158318,"date":"2018-08-27T10:00:06","date_gmt":"2018-08-27T07:00:06","guid":{"rendered":"https:\/\/www.sana.sy\/tr\/?p=158318"},"modified":"2018-08-28T14:17:36","modified_gmt":"2018-08-28T11:17:36","slug":"suriye-takimi-ceyrek-finalde-elendi","status":"publish","type":"post","link":"https:\/\/archive.sana.sy\/tr\/?p=158318","title":{"rendered":"Suriye Tak\u0131m\u0131 \u00c7eyrek Finalde Elendi"},"content":{"rendered":"<p>CAKARTA \u2013 Endonezya\u2019n\u0131n ba\u015fkenti Cakarta\u2019da d\u00fczenlenen Asya Olimpiyatlar\u0131nda basketbol tak\u0131m\u0131m\u0131z \u00c7in ile oynad\u0131\u011f\u0131 ma\u00e7\u0131 82-75 kaybetti.<\/p>\n<p>Kendi grubunda \u0130ran ile 68-55 yenilgiyle ikinci s\u0131ray\u0131 alan basketbol tak\u0131m\u0131m\u0131z \u00c7in kar\u015f\u0131s\u0131ndaki ma\u011flubiyeti ard\u0131ndan \u00e7eyrek finalde elenmi\u015f oldu.<\/p>\n<div id='gallery-1' class='gallery galleryid-158318 gallery-columns-3 gallery-size-thumbnail'><figure class='gallery-item'>\n\t\t\t<div class='gallery-icon landscape'>\n\t\t\t\t<a href='https:\/\/archive.sana.sy\/tr\/wp-content\/uploads\/2018\/08\/3-48.jpg'><img loading=\"lazy\" decoding=\"async\" width=\"150\" height=\"75\" src=\"https:\/\/archive.sana.sy\/tr\/wp-content\/uploads\/2018\/08\/3-48-150x75.jpg\" class=\"attachment-thumbnail size-thumbnail\" alt=\"\" srcset=\"https:\/\/archive.sana.sy\/tr\/wp-content\/uploads\/2018\/08\/3-48-150x75.jpg 150w, https:\/\/archive.sana.sy\/tr\/wp-content\/uploads\/2018\/08\/3-48-300x150.jpg 300w, https:\/\/archive.sana.sy\/tr\/wp-content\/uploads\/2018\/08\/3-48-768x384.jpg 768w, https:\/\/archive.sana.sy\/tr\/wp-content\/uploads\/2018\/08\/3-48-1024x512.jpg 1024w, https:\/\/archive.sana.sy\/tr\/wp-content\/uploads\/2018\/08\/3-48-660x330.jpg 660w, https:\/\/archive.sana.sy\/tr\/wp-content\/uploads\/2018\/08\/3-48-1050x525.jpg 1050w, https:\/\/archive.sana.sy\/tr\/wp-content\/uploads\/2018\/08\/3-48.jpg 1920w\" sizes=\"auto, (max-width: 150px) 100vw, 150px\" \/><\/a>\n\t\t\t<\/div><\/figure><figure class='gallery-item'>\n\t\t\t<div class='gallery-icon landscape'>\n\t\t\t\t<a href='https:\/\/archive.sana.sy\/tr\/wp-content\/uploads\/2018\/08\/2-62.jpg'><img loading=\"lazy\" decoding=\"async\" width=\"150\" height=\"75\" src=\"https:\/\/archive.sana.sy\/tr\/wp-content\/uploads\/2018\/08\/2-62-150x75.jpg\" class=\"attachment-thumbnail size-thumbnail\" alt=\"\" srcset=\"https:\/\/archive.sana.sy\/tr\/wp-content\/uploads\/2018\/08\/2-62-150x75.jpg 150w, https:\/\/archive.sana.sy\/tr\/wp-content\/uploads\/2018\/08\/2-62-300x150.jpg 300w, https:\/\/archive.sana.sy\/tr\/wp-content\/uploads\/2018\/08\/2-62-768x384.jpg 768w, https:\/\/archive.sana.sy\/tr\/wp-content\/uploads\/2018\/08\/2-62-1024x512.jpg 1024w, https:\/\/archive.sana.sy\/tr\/wp-content\/uploads\/2018\/08\/2-62-660x330.jpg 660w, https:\/\/archive.sana.sy\/tr\/wp-content\/uploads\/2018\/08\/2-62-1050x525.jpg 1050w, https:\/\/archive.sana.sy\/tr\/wp-content\/uploads\/2018\/08\/2-62.jpg 1920w\" sizes=\"auto, (max-width: 150px) 100vw, 150px\" \/><\/a>\n\t\t\t<\/div><\/figure><figure class='gallery-item'>\n\t\t\t<div class='gallery-icon landscape'>\n\t\t\t\t<a href='https:\/\/archive.sana.sy\/tr\/wp-content\/uploads\/2018\/08\/1-143.jpg'><img loading=\"lazy\" decoding=\"async\" width=\"150\" height=\"75\" src=\"https:\/\/archive.sana.sy\/tr\/wp-content\/uploads\/2018\/08\/1-143-150x75.jpg\" class=\"attachment-thumbnail size-thumbnail\" alt=\"\" srcset=\"https:\/\/archive.sana.sy\/tr\/wp-content\/uploads\/2018\/08\/1-143-150x75.jpg 150w, https:\/\/archive.sana.sy\/tr\/wp-content\/uploads\/2018\/08\/1-143-300x150.jpg 300w, https:\/\/archive.sana.sy\/tr\/wp-content\/uploads\/2018\/08\/1-143-768x384.jpg 768w, https:\/\/archive.sana.sy\/tr\/wp-content\/uploads\/2018\/08\/1-143-1024x512.jpg 1024w, https:\/\/archive.sana.sy\/tr\/wp-content\/uploads\/2018\/08\/1-143-660x330.jpg 660w, https:\/\/archive.sana.sy\/tr\/wp-content\/uploads\/2018\/08\/1-143-1050x525.jpg 1050w, https:\/\/archive.sana.sy\/tr\/wp-content\/uploads\/2018\/08\/1-143.jpg 1920w\" sizes=\"auto, (max-width: 150px) 100vw, 150px\" \/><\/a>\n\t\t\t<\/div><\/figure>\n\t\t<\/div>\n\n","protected":false},"excerpt":{"rendered":"<p>CAKARTA \u2013 Endonezya\u2019n\u0131n ba\u015fkenti Cakarta\u2019da d\u00fczenlenen Asya Olimpiyatlar\u0131nda basketbol tak\u0131m\u0131m\u0131z \u00c7in ile oynad\u0131\u011f\u0131 ma\u00e7\u0131 82-75 kaybetti. Kendi grubunda \u0130ran ile 68-55 yenilgiyle ikinci s\u0131ray\u0131 alan basketbol tak\u0131m\u0131m\u0131z \u00c7in kar\u015f\u0131s\u0131ndaki ma\u011flubiyeti ard\u0131ndan \u00e7eyrek finalde elenmi\u015f oldu.<\/p>\n","protected":false},"author":1,"featured_media":158322,"comment_status":"closed","ping_status":"closed","sticky":false,"template":"","format":"standard","meta":{"footnotes":""},"categories":[498,17988,496],"tags":[],"class_list":["post-158318","post","type-post","status-publish","format-standard","has-post-thumbnail","","category-dunya-turnuvalari","category-son-haberler","category-spor"],"_links":{"self":[{"href":"https:\/\/archive.sana.sy\/tr\/index.php?rest_route=\/wp\/v2\/posts\/158318","targetHints":{"allow":["GET"]}}],"collection":[{"href":"https:\/\/archive.sana.sy\/tr\/index.php?rest_route=\/wp\/v2\/posts"}],"about":[{"href":"https:\/\/archive.sana.sy\/tr\/index.php?rest_route=\/wp\/v2\/types\/post"}],"author":[{"embeddable":true,"href":"https:\/\/archive.sana.sy\/tr\/index.php?rest_route=\/wp\/v2\/users\/1"}],"replies":[{"embeddable":true,"href":"https:\/\/archive.sana.sy\/tr\/index.php?rest_route=%2Fwp%2Fv2%2Fcomments&post=158318"}],"version-history":[{"count":0,"href":"https:\/\/archive.sana.sy\/tr\/index.php?rest_route=\/wp\/v2\/posts\/158318\/revisions"}],"wp:featuredmedia":[{"embeddable":true,"href":"https:\/\/archive.sana.sy\/tr\/index.php?rest_route=\/wp\/v2\/media\/158322"}],"wp:attachment":[{"href":"https:\/\/archive.sana.sy\/tr\/index.php?rest_route=%2Fwp%2Fv2%2Fmedia&parent=158318"}],"wp:term":[{"taxonomy":"category","embeddable":true,"href":"https:\/\/archive.sana.sy\/tr\/index.php?rest_route=%2Fwp%2Fv2%2Fcategories&post=158318"},{"taxonomy":"post_tag","embeddable":true,"href":"https:\/\/archive.sana.sy\/tr\/index.php?rest_route=%2Fwp%2Fv2%2Ftags&post=158318"}],"curies":[{"name":"wp","href":"https:\/\/api.w.org\/{rel}","templated":true}]}}