{"id":158324,"date":"2018-08-27T11:00:53","date_gmt":"2018-08-27T08:00:53","guid":{"rendered":"https:\/\/www.sana.sy\/tr\/?p=158324"},"modified":"2018-08-28T14:17:11","modified_gmt":"2018-08-28T11:17:11","slug":"teror-saldirilari-nedeniyle-zeytin-tarimi-ucte-bire-indi","status":"publish","type":"post","link":"https:\/\/archive.sana.sy\/tr\/?p=158324","title":{"rendered":"Ter\u00f6r Sald\u0131r\u0131lar\u0131 Nedeniyle Zeytin Tar\u0131m\u0131 \u00dc\u00e7te Bire \u0130ndi"},"content":{"rendered":"<p>DERA \u2013 Dera \u0130linde y\u0131llard\u0131r belli ba\u015fl\u0131 devletlerin destek ve talimatlar\u0131yla faaliyet g\u00f6steren ter\u00f6ristlerin ordu birliklerimiz taraf\u0131ndan yok edilmeden \u00f6nce tar\u0131m arazilerine verdikleri hasar ve vatanda\u015flar\u0131 arazilerinden menetmeleri nedeniyle il genelinde zeytin ve bostanc\u0131l\u0131k tar\u0131m\u0131 \u00fc\u00e7te bire kadar geriledi.<\/p>\n<p>Ter\u00f6ristlerin vatanda\u015flara ait zeytin a\u011fa\u00e7lar\u0131n\u0131 barbarca kesmeleri sonucunda zeytin \u00fcretimi ciddi anlamda d\u00fc\u015ferken, vatanda\u015flar mevcut olanaklar\u0131 de\u011ferlendirmek i\u00e7in nar \u00fcretimine y\u00f6neldi.<\/p>\n<p>\u0130l Tar\u0131m M\u00fcd\u00fcr\u00fc Yard\u0131mc\u0131s\u0131 Bessam Ha\u015fi\u015f krizden \u00f6nce il genelinde 60 ila 70 bin ton zeytin tanesi ve 10 bin ton zeytinya\u011f\u0131 \u00fcretimi oldu\u011funu ifade ederken, bu y\u0131l sadece 25 bin ton zeytin tanesi ve 3 bin ton zeytinya\u011f\u0131 \u00fcretimi beklendi\u011fine dikkat \u00e7ekti.<\/p>\n","protected":false},"excerpt":{"rendered":"<p>DERA \u2013 Dera \u0130linde y\u0131llard\u0131r belli ba\u015fl\u0131 devletlerin destek ve talimatlar\u0131yla faaliyet g\u00f6steren ter\u00f6ristlerin ordu birliklerimiz taraf\u0131ndan yok edilmeden \u00f6nce tar\u0131m arazilerine verdikleri hasar ve vatanda\u015flar\u0131 arazilerinden menetmeleri nedeniyle il genelinde zeytin ve bostanc\u0131l\u0131k tar\u0131m\u0131 \u00fc\u00e7te bire kadar geriledi. Ter\u00f6ristlerin vatanda\u015flara ait zeytin a\u011fa\u00e7lar\u0131n\u0131 barbarca kesmeleri sonucunda zeytin \u00fcretimi ciddi anlamda d\u00fc\u015ferken, vatanda\u015flar mevcut olanaklar\u0131 &hellip;<\/p>\n","protected":false},"author":1,"featured_media":158333,"comment_status":"closed","ping_status":"closed","sticky":false,"template":"","format":"standard","meta":{"footnotes":""},"categories":[485,486,17988],"tags":[1295,37269,29793,2509,32116],"class_list":["post-158324","post","type-post","status-publish","format-standard","has-post-thumbnail","","category-is-ve-sermaye","category-haberler-is-ve-sermaye","category-son-haberler","tag-dera","tag-il-tarim-muduru-yardimcisi-bessam-hasis","tag-tarim-arazileri","tag-teroristlerin","tag-vatandas"],"_links":{"self":[{"href":"https:\/\/archive.sana.sy\/tr\/index.php?rest_route=\/wp\/v2\/posts\/158324","targetHints":{"allow":["GET"]}}],"collection":[{"href":"https:\/\/archive.sana.sy\/tr\/index.php?rest_route=\/wp\/v2\/posts"}],"about":[{"href":"https:\/\/archive.sana.sy\/tr\/index.php?rest_route=\/wp\/v2\/types\/post"}],"author":[{"embeddable":true,"href":"https:\/\/archive.sana.sy\/tr\/index.php?rest_route=\/wp\/v2\/users\/1"}],"replies":[{"embeddable":true,"href":"https:\/\/archive.sana.sy\/tr\/index.php?rest_route=%2Fwp%2Fv2%2Fcomments&post=158324"}],"version-history":[{"count":0,"href":"https:\/\/archive.sana.sy\/tr\/index.php?rest_route=\/wp\/v2\/posts\/158324\/revisions"}],"wp:featuredmedia":[{"embeddable":true,"href":"https:\/\/archive.sana.sy\/tr\/index.php?rest_route=\/wp\/v2\/media\/158333"}],"wp:attachment":[{"href":"https:\/\/archive.sana.sy\/tr\/index.php?rest_route=%2Fwp%2Fv2%2Fmedia&parent=158324"}],"wp:term":[{"taxonomy":"category","embeddable":true,"href":"https:\/\/archive.sana.sy\/tr\/index.php?rest_route=%2Fwp%2Fv2%2Fcategories&post=158324"},{"taxonomy":"post_tag","embeddable":true,"href":"https:\/\/archive.sana.sy\/tr\/index.php?rest_route=%2Fwp%2Fv2%2Ftags&post=158324"}],"curies":[{"name":"wp","href":"https:\/\/api.w.org\/{rel}","templated":true}]}}