{"id":158520,"date":"2018-08-29T21:39:39","date_gmt":"2018-08-29T18:39:39","guid":{"rendered":"https:\/\/www.sana.sy\/tr\/?p=158520"},"modified":"2018-08-30T12:27:57","modified_gmt":"2018-08-30T09:27:57","slug":"suriyenin-cezire-bolgesinde-yuzlerce-tarihi-mevkiye-uzanan-teror-suclarini-ortbas-etme-cabalari-yogunlasiyor","status":"publish","type":"post","link":"https:\/\/archive.sana.sy\/tr\/?p=158520","title":{"rendered":"Haseke&#8217;de Arkeolojik Alanlara Sald\u0131r\u0131 Su\u00e7lar\u0131 \u00d6rtbas Ediliyor"},"content":{"rendered":"<p>HASEKE \u2013 Suriye&#8217;nin\u00a0 Cezire b\u00f6lgesinde nerede ad\u0131m atarsan\u0131z at\u0131n, hepsi k\u00fclt\u00fcrel ve ideolojik g\u00fc\u00e7 ile uygarl\u0131k miras\u0131na ait ya \u00e7anak ya \u00e7\u00f6mlek par\u00e7as\u0131 yada bir mozaik portresinden k\u00fc\u00e7\u00fck bir ta\u015fa rastlars\u0131n\u0131z.<\/p>\n<p>Haseke ilindeki bu miras, ter\u00f6rist \u00f6rg\u00fctlerin sistematik sald\u0131r\u0131 oda\u011f\u0131 haline gelirken, mevkilerin rasgele kaz\u0131lmas\u0131na yol a\u00e7t\u0131.<\/p>\n<p>Bu eylemler arkeolojik kal\u0131nt\u0131lar\u0131n tahrip edilmesi, uygun olanlar\u0131n ya\u011fmalanmas\u0131 ve \u00e7al\u0131nmas\u0131na neden oldu. Bu ya\u011fmalama ve h\u0131rs\u0131zl\u0131klar \u00e7al\u0131\u015ft\u0131ranlar\u0131n i\u015fbirli\u011fi ve koordinasyonuyla ya do\u011frudan sat\u0131n alma yada as\u0131rlar boyunca karanl\u0131klar\u0131 ayd\u0131nlatan, b\u00fcy\u00fcyen ve ya\u015fayan uygarl\u0131k ve tarihi bir miras\u0131n, ta\u015f\u0131d\u0131klar\u0131 izleri sonsuza kadar silmek i\u00e7in y\u0131k\u0131l\u0131p ya\u011fmalan\u0131yordu.<\/p>\n<p>Haseke Tarihi Eser Dairesinin istatistiklerine g\u00f6re, tescil edilen tarihi eser mevkiileri yakla\u015f\u0131k 800, tescil halinde ise 400 mevkinin bulundu\u011funu g\u00f6steriyor. Haseke ili tarihi tepeleri ve b\u00f6lgede yay\u0131lan eski uygarl\u0131klar\u0131n asaletine eskiden oldu\u011fu gibi halen tan\u0131kl\u0131k eden imtiyazl\u0131 mevkilere sahiptir.<\/p>\n<p>Tarihi Eser Dairesi, ter\u00f6rist \u00f6rg\u00fctlerin ilin \u00e7o\u011fu yerlerinden defedilmesi ard\u0131ndan ilgili cihetlerle t\u00fcm arkeolojik alanlar\u0131n ara\u015ft\u0131r\u0131lmas\u0131, say\u0131lmas\u0131 ve de\u011ferlendirilmesine ba\u015flayarak, ter\u00f6rist sald\u0131r\u0131lar\u0131n sonucunda t\u00fcm tarihi eserlerde olu\u015fan hasar\u0131n restorasyonu i\u00e7in planlar\u0131n koyulmas\u0131 ve zarar\u0131n tasnif edilmesi \u00e7al\u0131\u015fmalar\u0131na ba\u015flad\u0131.<\/p>\n<p>Tarihi Eser Dairesindeki personelin \u00e7al\u0131\u015fmalar\u0131 ve harcad\u0131\u011f\u0131 \u00e7abalar, y\u0131k\u0131m, ya\u011fmalama ve sabotaja u\u011frayan bir \u00e7ok tarihi mevki ve tepeyi g\u00f6zden ge\u00e7irdi. Zararlar tespit edildi ve belgelendi.<a href=\"https:\/\/www.sana.sy\/tr\/wp-content\/uploads\/2018\/08\/13-64.jpg\"><img loading=\"lazy\" decoding=\"async\" class=\"size-medium wp-image-158531 alignright\" src=\"https:\/\/www.sana.sy\/tr\/wp-content\/uploads\/2018\/08\/13-64-300x192.jpg\" alt=\"\" width=\"300\" height=\"192\" srcset=\"https:\/\/archive.sana.sy\/tr\/wp-content\/uploads\/2018\/08\/13-64-300x192.jpg 300w, https:\/\/archive.sana.sy\/tr\/wp-content\/uploads\/2018\/08\/13-64-150x96.jpg 150w, https:\/\/archive.sana.sy\/tr\/wp-content\/uploads\/2018\/08\/13-64.jpg 660w\" sizes=\"auto, (max-width: 300px) 100vw, 300px\" \/><\/a><\/p>\n<p>Daire Ba\u015fkan\u0131 Halit Ahmo SANA muhabirine yapt\u0131\u011f\u0131 a\u00e7\u0131klamalarda, b\u00fcy\u00fck hasarlar\u0131n g\u00fcney Haseke k\u0131rsal\u0131ndaki Ajaja ve Taaban Tepeleriyle ilin g\u00fcneybat\u0131 y\u00f6n\u00fcndeki Abd\u00fclaziz Da\u011f\u0131 b\u00f6lgesindeki Mu&#8217;zar Tepesi ve Sukkara Kalesinde yo\u011funla\u015ft\u0131\u011f\u0131n\u0131 belirtti.<\/p>\n<p>Ahmo, Ajaja Tepesindeki zarar\u0131n, I\u015e\u0130D ter\u00f6r \u00f6rg\u00fct\u00fcn\u00fcn yer alt\u0131nda a\u00e7t\u0131\u011f\u0131 t\u00fcneller sebebiyle % 30 oran\u0131nda oldu\u011funu, tarihi Tepe&#8217;nin her an y\u0131k\u0131lma tehlikesiyle kar\u015f\u0131 kar\u015f\u0131ya oldu\u011funu belirterek, hasar\u0131n \u00f6n de\u011ferlendirmesinde ter\u00f6ristlerin baz\u0131 tarihi eserleri tepeden \u00e7ald\u0131klar\u0131na, modern orta Asur d\u00f6nemine ait Taaban Tepesinde 6-7 metre uzunlu\u011funda t\u00fcneller a\u00e7t\u0131klar\u0131na dikkat \u00e7ekti.<\/p>\n<p>Haseke ilinin g\u00fcneybat\u0131 cephesinde bulunan tarihi tepelerle ilgiliyse Ahmo, sabotaj eylemlerinin M\u00d6. 3. YY&#8217;a ait Mu&#8217;zar Tepesindeki tahribat\u0131n % 20&#8217;yi a\u015ft\u0131\u011f\u0131n\u0131, bu tahribatlar\u0131n, kaz\u0131 ve muhtelif uzunluklardaki t\u00fcneller sonucunda oldu\u011funa i\u015faret ederek, mevkinin korunakl\u0131 oldu\u011funu ve b\u00fcy\u00fck kap\u0131lar\u0131n\u0131n bulundu\u011funu, Roma d\u00f6neminde de Tepe \u00e7evresinde yerle\u015fim d\u00f6nemlerine tan\u0131k oldu\u011funu vurgulad\u0131.<\/p>\n<p>Ahmo, tarihi Sukkara Kalesinin Abd\u00fclaziz Da\u011f\u0131 b\u00f6lgesinde yer al\u0131p Eyy\u00fcbiler ve Meml\u00fckl\u00fcler d\u00f6nemine kadar uzand\u0131\u011f\u0131n\u0131 do\u011frudan tahribat eylemlerine tan\u0131k olmad\u0131\u011f\u0131n\u0131 lakin mevkiye \u00f6zel ekipmanlar\u0131n \u00e7al\u0131nmas\u0131na, d\u0131\u015f surunun tahribat\u0131na ve mevkinin desteklendi\u011fi devasa demir amutlar\u0131n\u0131n \u00e7al\u0131nmas\u0131na maruz kald\u0131\u011f\u0131n\u0131 s\u00f6yledi.<\/p>\n<p>Bilinmesi gerekir ki, ter\u00f6ristler tarihi eserlere geli\u015fig\u00fczel bir \u015fekilde sald\u0131rmad\u0131 bilakis Suriye Devletine d\u00fc\u015fman \u00fclkelerden uzmanlar yard\u0131m etti, tarihi mevki ve kentlerden tarihi eser par\u00e7alar\u0131n\u0131 ka\u00e7\u0131rarak satmalar\u0131 yoluyla i\u015fbirli\u011fi yapt\u0131lar, bu i\u015fleri ek finans kaynaklar\u0131 temin etmek i\u00e7in yapt\u0131lar. Satamad\u0131klar\u0131 veya ka\u00e7\u0131ramad\u0131klar\u0131 eserleri de y\u0131kt\u0131klar\u0131 g\u00f6r\u00fcld\u00fc.<\/p>\n<p>Bunun \u00f6rneklerini daha \u00f6nce de Tedmur&#8217;da, Albukemal&#8217;de g\u00f6rd\u00fc\u011f\u00fcm\u00fcz gibi tarihi eser mevkilerini, Suriye Arap Ordusu birliklerinin hedef almayaca\u011f\u0131n\u0131 bildiklerinden kendilerine karargah, silah ve cephane deposu ve g\u00fcvenli yer olarak edindiler.<\/p>\n<p>S. \u015eahhut.<\/p>\n","protected":false},"excerpt":{"rendered":"<p>HASEKE \u2013 Suriye&#8217;nin\u00a0 Cezire b\u00f6lgesinde nerede ad\u0131m atarsan\u0131z at\u0131n, hepsi k\u00fclt\u00fcrel ve ideolojik g\u00fc\u00e7 ile uygarl\u0131k miras\u0131na ait ya \u00e7anak ya \u00e7\u00f6mlek par\u00e7as\u0131 yada bir mozaik portresinden k\u00fc\u00e7\u00fck bir ta\u015fa rastlars\u0131n\u0131z. Haseke ilindeki bu miras, ter\u00f6rist \u00f6rg\u00fctlerin sistematik sald\u0131r\u0131 oda\u011f\u0131 haline gelirken, mevkilerin rasgele kaz\u0131lmas\u0131na yol a\u00e7t\u0131. Bu eylemler arkeolojik kal\u0131nt\u0131lar\u0131n tahrip edilmesi, uygun olanlar\u0131n &hellip;<\/p>\n","protected":false},"author":1,"featured_media":158523,"comment_status":"closed","ping_status":"closed","sticky":false,"template":"","format":"standard","meta":{"footnotes":""},"categories":[479,516,511,17988,478],"tags":[1140,19954,37284,16591,20157],"class_list":["post-158520","post","type-post","status-publish","format-standard","has-post-thumbnail","","category-haberler-yerel","category-haberler-kultur-ve-sanat","category-kultur-ve-sanat","category-son-haberler","category-yerel","tag-haseke","tag-kamisli","tag-mezapotomya","tag-suriye","tag-tarihi-eserler"],"_links":{"self":[{"href":"https:\/\/archive.sana.sy\/tr\/index.php?rest_route=\/wp\/v2\/posts\/158520","targetHints":{"allow":["GET"]}}],"collection":[{"href":"https:\/\/archive.sana.sy\/tr\/index.php?rest_route=\/wp\/v2\/posts"}],"about":[{"href":"https:\/\/archive.sana.sy\/tr\/index.php?rest_route=\/wp\/v2\/types\/post"}],"author":[{"embeddable":true,"href":"https:\/\/archive.sana.sy\/tr\/index.php?rest_route=\/wp\/v2\/users\/1"}],"replies":[{"embeddable":true,"href":"https:\/\/archive.sana.sy\/tr\/index.php?rest_route=%2Fwp%2Fv2%2Fcomments&post=158520"}],"version-history":[{"count":0,"href":"https:\/\/archive.sana.sy\/tr\/index.php?rest_route=\/wp\/v2\/posts\/158520\/revisions"}],"wp:featuredmedia":[{"embeddable":true,"href":"https:\/\/archive.sana.sy\/tr\/index.php?rest_route=\/wp\/v2\/media\/158523"}],"wp:attachment":[{"href":"https:\/\/archive.sana.sy\/tr\/index.php?rest_route=%2Fwp%2Fv2%2Fmedia&parent=158520"}],"wp:term":[{"taxonomy":"category","embeddable":true,"href":"https:\/\/archive.sana.sy\/tr\/index.php?rest_route=%2Fwp%2Fv2%2Fcategories&post=158520"},{"taxonomy":"post_tag","embeddable":true,"href":"https:\/\/archive.sana.sy\/tr\/index.php?rest_route=%2Fwp%2Fv2%2Ftags&post=158520"}],"curies":[{"name":"wp","href":"https:\/\/api.w.org\/{rel}","templated":true}]}}