{"id":158551,"date":"2018-08-30T12:25:46","date_gmt":"2018-08-30T09:25:46","guid":{"rendered":"https:\/\/www.sana.sy\/tr\/?p=158551"},"modified":"2018-08-31T12:19:25","modified_gmt":"2018-08-31T09:19:25","slug":"hindistanli-sirketler-fuara-yogun-ilgi-gosteriyor","status":"publish","type":"post","link":"https:\/\/archive.sana.sy\/tr\/?p=158551","title":{"rendered":"Hindistanl\u0131 \u015eirketler Fuara Yo\u011fun \u0130lgi G\u00f6steriyor"},"content":{"rendered":"<p>YEN\u0130 DELH\u0130 \u2013 Hindistanl\u0131 bir\u00e7ok \u015firketin temsilcileri; 06 ila 15 Eyl\u00fcl tarihleri aras\u0131nda d\u00fczenlenmesi beklenen 60. Uluslararas\u0131 \u015eam Fuar\u0131na kat\u0131lma arzular\u0131n\u0131 ifade etti.\u00a0<a href=\"https:\/\/www.sana.sy\/tr\/wp-content\/uploads\/2018\/08\/2-67.jpg\"><img loading=\"lazy\" decoding=\"async\" class=\"alignright wp-image-158555 size-thumbnail\" src=\"https:\/\/www.sana.sy\/tr\/wp-content\/uploads\/2018\/08\/2-67-150x113.jpg\" alt=\"\" width=\"150\" height=\"113\" srcset=\"https:\/\/archive.sana.sy\/tr\/wp-content\/uploads\/2018\/08\/2-67-150x113.jpg 150w, https:\/\/archive.sana.sy\/tr\/wp-content\/uploads\/2018\/08\/2-67-300x225.jpg 300w, https:\/\/archive.sana.sy\/tr\/wp-content\/uploads\/2018\/08\/2-67.jpg 660w\" sizes=\"auto, (max-width: 150px) 100vw, 150px\" \/><\/a><\/p>\n<p>Hindistanl\u0131 Repasual Medikal ve T\u0131bbi Bak\u0131m Kurumu Genel M\u00fcd\u00fcr\u00fc Kishor Raspaswal; farmakoloji, medikal, hastana ekipmanlar\u0131, a\u011f\u0131r sanayi, bili\u015fim teknolojisi, deri sanayisi, \u00e7ay ve altyap\u0131 alanlar\u0131nda uzman 15 \u015firketi temsil edecek bir grubun ba\u015fkanl\u0131\u011f\u0131nda fuara kat\u0131laca\u011f\u0131n\u0131 belirtti.<\/p>\n<p>\u015eam fuar\u0131n\u0131n Ortado\u011fu\u2019nun en b\u00fcy\u00fck ve en \u00f6nemli ekonomi faaliyetlerinden biri oldu\u011funa dikkat \u00e7eken Raspaswal; Suriyeli \u015firketler ile ortak i\u015fbirli\u011finde bulunmada \u00f6nemli bir f\u0131rsat te\u015fkil etti\u011fini s\u00f6yledi.<\/p>\n<p><a href=\"https:\/\/www.sana.sy\/tr\/wp-content\/uploads\/2018\/08\/3-52.jpg\"><img loading=\"lazy\" decoding=\"async\" class=\"alignright wp-image-158556 size-thumbnail\" src=\"https:\/\/www.sana.sy\/tr\/wp-content\/uploads\/2018\/08\/3-52-150x103.jpg\" alt=\"\" width=\"150\" height=\"103\" srcset=\"https:\/\/archive.sana.sy\/tr\/wp-content\/uploads\/2018\/08\/3-52-150x103.jpg 150w, https:\/\/archive.sana.sy\/tr\/wp-content\/uploads\/2018\/08\/3-52-300x205.jpg 300w, https:\/\/archive.sana.sy\/tr\/wp-content\/uploads\/2018\/08\/3-52-110x75.jpg 110w, https:\/\/archive.sana.sy\/tr\/wp-content\/uploads\/2018\/08\/3-52.jpg 660w\" sizes=\"auto, (max-width: 150px) 100vw, 150px\" \/><\/a>Hindistanl\u0131 SOS T\u0131bbi Cihazlar \u015eirketi fuara kat\u0131lma arzusunu ifade ederken, Suriye&#8217;de \u00f6nemli bir pazar bulaca\u011f\u0131na inand\u0131\u011f\u0131n\u0131, ifade etti.<\/p>\n<p>Uluslararas\u0131 \u015eam Fuar\u0131 hu y\u0131l kat\u0131l\u0131m ve faaliyet a\u00e7\u0131s\u0131ndan istisnai bir \u00f6nem ve ilgi g\u00f6rmesiyle; Suriye&#8217;de ter\u00f6re kar\u015f\u0131 zaferler g\u00f6lgesinde yeniden yap\u0131lanma ve ekonomiyi kalk\u0131nd\u0131rmada beraberinde b\u00fcy\u00fck f\u0131rsatlar getirmesi bekleniyor.<\/p>\n","protected":false},"excerpt":{"rendered":"<p>YEN\u0130 DELH\u0130 \u2013 Hindistanl\u0131 bir\u00e7ok \u015firketin temsilcileri; 06 ila 15 Eyl\u00fcl tarihleri aras\u0131nda d\u00fczenlenmesi beklenen 60. Uluslararas\u0131 \u015eam Fuar\u0131na kat\u0131lma arzular\u0131n\u0131 ifade etti.\u00a0 Hindistanl\u0131 Repasual Medikal ve T\u0131bbi Bak\u0131m Kurumu Genel M\u00fcd\u00fcr\u00fc Kishor Raspaswal; farmakoloji, medikal, hastana ekipmanlar\u0131, a\u011f\u0131r sanayi, bili\u015fim teknolojisi, deri sanayisi, \u00e7ay ve altyap\u0131 alanlar\u0131nda uzman 15 \u015firketi temsil edecek bir grubun &hellip;<\/p>\n","protected":false},"author":1,"featured_media":158554,"comment_status":"closed","ping_status":"closed","sticky":false,"template":"","format":"standard","meta":{"footnotes":""},"categories":[458,485,486,459,17988,36578],"tags":[37287,37286,25920,29694,30981,21184,22181],"class_list":["post-158551","post","type-post","status-publish","format-standard","has-post-thumbnail","","category-dunya1","category-is-ve-sermaye","category-haberler-is-ve-sermaye","category-haberler-arap-uluslararasi-politika","category-son-haberler","category-uluslararasi-sam-fuari","tag-en-buyuk-fuar","tag-hindistanli-sirketler","tag-ortadogu","tag-sam-fuari","tag-suriye-fuarlari","tag-suriyede-yatirim","tag-suriyeliler"],"_links":{"self":[{"href":"https:\/\/archive.sana.sy\/tr\/index.php?rest_route=\/wp\/v2\/posts\/158551","targetHints":{"allow":["GET"]}}],"collection":[{"href":"https:\/\/archive.sana.sy\/tr\/index.php?rest_route=\/wp\/v2\/posts"}],"about":[{"href":"https:\/\/archive.sana.sy\/tr\/index.php?rest_route=\/wp\/v2\/types\/post"}],"author":[{"embeddable":true,"href":"https:\/\/archive.sana.sy\/tr\/index.php?rest_route=\/wp\/v2\/users\/1"}],"replies":[{"embeddable":true,"href":"https:\/\/archive.sana.sy\/tr\/index.php?rest_route=%2Fwp%2Fv2%2Fcomments&post=158551"}],"version-history":[{"count":0,"href":"https:\/\/archive.sana.sy\/tr\/index.php?rest_route=\/wp\/v2\/posts\/158551\/revisions"}],"wp:featuredmedia":[{"embeddable":true,"href":"https:\/\/archive.sana.sy\/tr\/index.php?rest_route=\/wp\/v2\/media\/158554"}],"wp:attachment":[{"href":"https:\/\/archive.sana.sy\/tr\/index.php?rest_route=%2Fwp%2Fv2%2Fmedia&parent=158551"}],"wp:term":[{"taxonomy":"category","embeddable":true,"href":"https:\/\/archive.sana.sy\/tr\/index.php?rest_route=%2Fwp%2Fv2%2Fcategories&post=158551"},{"taxonomy":"post_tag","embeddable":true,"href":"https:\/\/archive.sana.sy\/tr\/index.php?rest_route=%2Fwp%2Fv2%2Ftags&post=158551"}],"curies":[{"name":"wp","href":"https:\/\/api.w.org\/{rel}","templated":true}]}}