{"id":158567,"date":"2018-08-30T13:52:59","date_gmt":"2018-08-30T10:52:59","guid":{"rendered":"https:\/\/www.sana.sy\/tr\/?p=158567"},"modified":"2018-08-31T12:19:16","modified_gmt":"2018-08-31T09:19:16","slug":"katilimcilara-destek-amacli-bir-dizi-icraat-alindi","status":"publish","type":"post","link":"https:\/\/archive.sana.sy\/tr\/?p=158567","title":{"rendered":"Kat\u0131l\u0131mc\u0131lara Destek Ama\u00e7l\u0131 Bir Dizi \u0130craat Al\u0131nd\u0131"},"content":{"rendered":"<p>\u015eAM \u2013 Yerel \u00dcretim ve \u0130hracata Destek ve Kalk\u0131nd\u0131rma Kurumu; 06 ila 15 Eyl\u00fcl tarihleri aras\u0131nda d\u00fczenlenecek 60. Uluslararas\u0131 \u015eam Fuar\u0131na kat\u0131lacak \u015firket ve kurumlara destek ama\u00e7l\u0131 bir dizi icraatta bulundu\u011funu ilan etti.<\/p>\n<p><a href=\"https:\/\/www.sana.sy\/tr\/wp-content\/uploads\/2018\/08\/4-29.jpg\"><img loading=\"lazy\" decoding=\"async\" class=\"alignright wp-image-158571 size-medium\" src=\"https:\/\/www.sana.sy\/tr\/wp-content\/uploads\/2018\/08\/4-29-300x200.jpg\" alt=\"\" width=\"300\" height=\"200\" srcset=\"https:\/\/archive.sana.sy\/tr\/wp-content\/uploads\/2018\/08\/4-29-300x200.jpg 300w, https:\/\/archive.sana.sy\/tr\/wp-content\/uploads\/2018\/08\/4-29-150x100.jpg 150w, https:\/\/archive.sana.sy\/tr\/wp-content\/uploads\/2018\/08\/4-29.jpg 660w\" sizes=\"auto, (max-width: 300px) 100vw, 300px\" \/><\/a>Kurum M\u00fcd\u00fcr\u00fc \u0130brahim Meydah SANA\u2019ya yapt\u0131\u011f\u0131 a\u00e7\u0131klamada; al\u0131nan destek icraatlar\u0131 aras\u0131nda fuara kat\u0131lacak \u015firket ve kurumlara y\u00fczde y\u00fcz \u00fccretsiz kargo hizmeti temin edilece\u011fini s\u00f6yledi.<\/p>\n<p>Fuarda imzalanacak t\u00fcm s\u00f6zle\u015fmeler i\u00e7in yeni bir format haz\u0131rland\u0131\u011f\u0131na dikkat \u00e7eken Meydah; t\u00fcm \u015firket ve kurumlar\u0131n fuar esnas\u0131nda ve daha sonra destekten faydalanmalar\u0131 i\u00e7in s\u00f6zle\u015fmelerini yeni formatta yapt\u0131klar\u0131ndan emin olmalar\u0131 gerekti\u011fini ifade etti.<\/p>\n<p>Meydah kurumun fuara kat\u0131l\u0131m\u0131 konusunda ise 1200 metre karelik alan \u00fczerinde bu y\u0131l nitelikli bir kat\u0131l\u0131m sa\u011flayaca\u011f\u0131na dikkat \u00e7ekerken, iki stantta kurum faaliyetleri ve planlar\u0131n\u0131n da tan\u0131t\u0131laca\u011f\u0131n\u0131 a\u00e7\u0131klad\u0131.<\/p>\n<div id='gallery-1' class='gallery galleryid-158567 gallery-columns-1 gallery-size-full'><figure class='gallery-item'>\n\t\t\t<div class='gallery-icon landscape'>\n\t\t\t\t<a href='https:\/\/archive.sana.sy\/tr\/wp-content\/uploads\/2018\/08\/2-68.jpg'><img loading=\"lazy\" decoding=\"async\" width=\"660\" height=\"495\" src=\"https:\/\/archive.sana.sy\/tr\/wp-content\/uploads\/2018\/08\/2-68.jpg\" class=\"attachment-full size-full\" alt=\"\" srcset=\"https:\/\/archive.sana.sy\/tr\/wp-content\/uploads\/2018\/08\/2-68.jpg 660w, https:\/\/archive.sana.sy\/tr\/wp-content\/uploads\/2018\/08\/2-68-150x113.jpg 150w, https:\/\/archive.sana.sy\/tr\/wp-content\/uploads\/2018\/08\/2-68-300x225.jpg 300w\" sizes=\"auto, (max-width: 660px) 100vw, 660px\" \/><\/a>\n\t\t\t<\/div><\/figure><figure class='gallery-item'>\n\t\t\t<div class='gallery-icon landscape'>\n\t\t\t\t<a href='https:\/\/archive.sana.sy\/tr\/wp-content\/uploads\/2018\/08\/3-53.jpg'><img loading=\"lazy\" decoding=\"async\" width=\"660\" height=\"540\" src=\"https:\/\/archive.sana.sy\/tr\/wp-content\/uploads\/2018\/08\/3-53.jpg\" class=\"attachment-full size-full\" alt=\"\" srcset=\"https:\/\/archive.sana.sy\/tr\/wp-content\/uploads\/2018\/08\/3-53.jpg 660w, https:\/\/archive.sana.sy\/tr\/wp-content\/uploads\/2018\/08\/3-53-150x123.jpg 150w, https:\/\/archive.sana.sy\/tr\/wp-content\/uploads\/2018\/08\/3-53-300x245.jpg 300w\" sizes=\"auto, (max-width: 660px) 100vw, 660px\" \/><\/a>\n\t\t\t<\/div><\/figure>\n\t\t<\/div>\n\n","protected":false},"excerpt":{"rendered":"<p>\u015eAM \u2013 Yerel \u00dcretim ve \u0130hracata Destek ve Kalk\u0131nd\u0131rma Kurumu; 06 ila 15 Eyl\u00fcl tarihleri aras\u0131nda d\u00fczenlenecek 60. Uluslararas\u0131 \u015eam Fuar\u0131na kat\u0131lacak \u015firket ve kurumlara destek ama\u00e7l\u0131 bir dizi icraatta bulundu\u011funu ilan etti. Kurum M\u00fcd\u00fcr\u00fc \u0130brahim Meydah SANA\u2019ya yapt\u0131\u011f\u0131 a\u00e7\u0131klamada; al\u0131nan destek icraatlar\u0131 aras\u0131nda fuara kat\u0131lacak \u015firket ve kurumlara y\u00fczde y\u00fcz \u00fccretsiz kargo hizmeti temin &hellip;<\/p>\n","protected":false},"author":1,"featured_media":158572,"comment_status":"closed","ping_status":"closed","sticky":false,"template":"","format":"standard","meta":{"footnotes":""},"categories":[485,596,479,486,17988,36578,478],"tags":[37275,29694,16591,31996,22181],"class_list":["post-158567","post","type-post","status-publish","format-standard","has-post-thumbnail","","category-is-ve-sermaye","category-fotografli-raporlar","category-haberler-yerel","category-haberler-is-ve-sermaye","category-son-haberler","category-uluslararasi-sam-fuari","category-yerel","tag-ortadogu-fuarlari","tag-sam-fuari","tag-suriye","tag-suriye-fuari","tag-suriyeliler"],"_links":{"self":[{"href":"https:\/\/archive.sana.sy\/tr\/index.php?rest_route=\/wp\/v2\/posts\/158567","targetHints":{"allow":["GET"]}}],"collection":[{"href":"https:\/\/archive.sana.sy\/tr\/index.php?rest_route=\/wp\/v2\/posts"}],"about":[{"href":"https:\/\/archive.sana.sy\/tr\/index.php?rest_route=\/wp\/v2\/types\/post"}],"author":[{"embeddable":true,"href":"https:\/\/archive.sana.sy\/tr\/index.php?rest_route=\/wp\/v2\/users\/1"}],"replies":[{"embeddable":true,"href":"https:\/\/archive.sana.sy\/tr\/index.php?rest_route=%2Fwp%2Fv2%2Fcomments&post=158567"}],"version-history":[{"count":0,"href":"https:\/\/archive.sana.sy\/tr\/index.php?rest_route=\/wp\/v2\/posts\/158567\/revisions"}],"wp:featuredmedia":[{"embeddable":true,"href":"https:\/\/archive.sana.sy\/tr\/index.php?rest_route=\/wp\/v2\/media\/158572"}],"wp:attachment":[{"href":"https:\/\/archive.sana.sy\/tr\/index.php?rest_route=%2Fwp%2Fv2%2Fmedia&parent=158567"}],"wp:term":[{"taxonomy":"category","embeddable":true,"href":"https:\/\/archive.sana.sy\/tr\/index.php?rest_route=%2Fwp%2Fv2%2Fcategories&post=158567"},{"taxonomy":"post_tag","embeddable":true,"href":"https:\/\/archive.sana.sy\/tr\/index.php?rest_route=%2Fwp%2Fv2%2Ftags&post=158567"}],"curies":[{"name":"wp","href":"https:\/\/api.w.org\/{rel}","templated":true}]}}