{"id":158570,"date":"2018-08-30T14:56:27","date_gmt":"2018-08-30T11:56:27","guid":{"rendered":"https:\/\/www.sana.sy\/tr\/?p=158570"},"modified":"2018-08-30T14:56:27","modified_gmt":"2018-08-30T11:56:27","slug":"disisleri-bakani-lavrov-muallim-ile-gorusmesinde-suriyede-terorle-mucadelenin-sona-yaklasmasiyla-ulkede-yeniden-yapilandirma-surecini-baslatma-zamaninin-geldigini-vurguladi","status":"publish","type":"post","link":"https:\/\/archive.sana.sy\/tr\/?p=158570","title":{"rendered":"D\u0131\u015fi\u015fleri Bakan\u0131 Lavrov Muallim ile g\u00f6r\u00fc\u015fmesinde; Suriye&#8217;de ter\u00f6rle m\u00fccadelenin sona yakla\u015fmas\u0131yla \u00fclkede yeniden yap\u0131land\u0131rma s\u00fcrecini ba\u015flatma zaman\u0131n\u0131n geldi\u011fini vurgulad\u0131."},"content":{"rendered":"<p>D\u0131\u015fi\u015fleri Bakan\u0131 Lavrov Muallim ile g\u00f6r\u00fc\u015fmesinde; Suriye&#8217;de ter\u00f6rle m\u00fccadelenin sona yakla\u015fmas\u0131yla \u00fclkede yeniden yap\u0131land\u0131rma s\u00fcrecini ba\u015flatma zaman\u0131n\u0131n geldi\u011fini vurgulad\u0131.<\/p>\n","protected":false},"excerpt":{"rendered":"<p>D\u0131\u015fi\u015fleri Bakan\u0131 Lavrov Muallim ile g\u00f6r\u00fc\u015fmesinde; Suriye&#8217;de ter\u00f6rle m\u00fccadelenin sona yakla\u015fmas\u0131yla \u00fclkede yeniden yap\u0131land\u0131rma s\u00fcrecini ba\u015flatma zaman\u0131n\u0131n geldi\u011fini vurgulad\u0131.<\/p>\n","protected":false},"author":1,"featured_media":0,"comment_status":"closed","ping_status":"closed","sticky":false,"template":"","format":"standard","meta":{"footnotes":""},"categories":[17991],"tags":[],"class_list":["post-158570","post","type-post","status-publish","format-standard","","category-son-dakika"],"_links":{"self":[{"href":"https:\/\/archive.sana.sy\/tr\/index.php?rest_route=\/wp\/v2\/posts\/158570","targetHints":{"allow":["GET"]}}],"collection":[{"href":"https:\/\/archive.sana.sy\/tr\/index.php?rest_route=\/wp\/v2\/posts"}],"about":[{"href":"https:\/\/archive.sana.sy\/tr\/index.php?rest_route=\/wp\/v2\/types\/post"}],"author":[{"embeddable":true,"href":"https:\/\/archive.sana.sy\/tr\/index.php?rest_route=\/wp\/v2\/users\/1"}],"replies":[{"embeddable":true,"href":"https:\/\/archive.sana.sy\/tr\/index.php?rest_route=%2Fwp%2Fv2%2Fcomments&post=158570"}],"version-history":[{"count":0,"href":"https:\/\/archive.sana.sy\/tr\/index.php?rest_route=\/wp\/v2\/posts\/158570\/revisions"}],"wp:attachment":[{"href":"https:\/\/archive.sana.sy\/tr\/index.php?rest_route=%2Fwp%2Fv2%2Fmedia&parent=158570"}],"wp:term":[{"taxonomy":"category","embeddable":true,"href":"https:\/\/archive.sana.sy\/tr\/index.php?rest_route=%2Fwp%2Fv2%2Fcategories&post=158570"},{"taxonomy":"post_tag","embeddable":true,"href":"https:\/\/archive.sana.sy\/tr\/index.php?rest_route=%2Fwp%2Fv2%2Ftags&post=158570"}],"curies":[{"name":"wp","href":"https:\/\/api.w.org\/{rel}","templated":true}]}}