{"id":158576,"date":"2018-08-30T15:00:25","date_gmt":"2018-08-30T12:00:25","guid":{"rendered":"https:\/\/www.sana.sy\/tr\/?p=158576"},"modified":"2018-08-30T14:58:46","modified_gmt":"2018-08-30T11:58:46","slug":"lavrov-suriyedeki-krizin-cozumunde-rusyanin-soci-kentinde-duzenlenen-suriye-ulusal-diyalog-konferansinin-sonuclarini-hayata-gecirme-gereginin-altini-cizdi","status":"publish","type":"post","link":"https:\/\/archive.sana.sy\/tr\/?p=158576","title":{"rendered":"Lavrov Suriye&#8217;deki krizin \u00e7\u00f6z\u00fcm\u00fcnde, Rusya\u2019n\u0131n So\u00e7i Kentinde d\u00fczenlenen Suriye Ulusal Diyalog Konferans\u0131n\u0131n sonu\u00e7lar\u0131n\u0131 hayata ge\u00e7irme gere\u011finin alt\u0131n\u0131 \u00e7izdi."},"content":{"rendered":"<p>Lavrov Suriye&#8217;deki krizin \u00e7\u00f6z\u00fcm\u00fcnde, Rusya\u2019n\u0131n So\u00e7i Kentinde d\u00fczenlenen Suriye Ulusal Diyalog Konferans\u0131n\u0131n sonu\u00e7lar\u0131n\u0131 hayata ge\u00e7irme gere\u011finin alt\u0131n\u0131 \u00e7izdi.<\/p>\n","protected":false},"excerpt":{"rendered":"<p>Lavrov Suriye&#8217;deki krizin \u00e7\u00f6z\u00fcm\u00fcnde, Rusya\u2019n\u0131n So\u00e7i Kentinde d\u00fczenlenen Suriye Ulusal Diyalog Konferans\u0131n\u0131n sonu\u00e7lar\u0131n\u0131 hayata ge\u00e7irme gere\u011finin alt\u0131n\u0131 \u00e7izdi.<\/p>\n","protected":false},"author":1,"featured_media":0,"comment_status":"closed","ping_status":"closed","sticky":false,"template":"","format":"standard","meta":{"footnotes":""},"categories":[17991],"tags":[],"class_list":["post-158576","post","type-post","status-publish","format-standard","","category-son-dakika"],"_links":{"self":[{"href":"https:\/\/archive.sana.sy\/tr\/index.php?rest_route=\/wp\/v2\/posts\/158576","targetHints":{"allow":["GET"]}}],"collection":[{"href":"https:\/\/archive.sana.sy\/tr\/index.php?rest_route=\/wp\/v2\/posts"}],"about":[{"href":"https:\/\/archive.sana.sy\/tr\/index.php?rest_route=\/wp\/v2\/types\/post"}],"author":[{"embeddable":true,"href":"https:\/\/archive.sana.sy\/tr\/index.php?rest_route=\/wp\/v2\/users\/1"}],"replies":[{"embeddable":true,"href":"https:\/\/archive.sana.sy\/tr\/index.php?rest_route=%2Fwp%2Fv2%2Fcomments&post=158576"}],"version-history":[{"count":0,"href":"https:\/\/archive.sana.sy\/tr\/index.php?rest_route=\/wp\/v2\/posts\/158576\/revisions"}],"wp:attachment":[{"href":"https:\/\/archive.sana.sy\/tr\/index.php?rest_route=%2Fwp%2Fv2%2Fmedia&parent=158576"}],"wp:term":[{"taxonomy":"category","embeddable":true,"href":"https:\/\/archive.sana.sy\/tr\/index.php?rest_route=%2Fwp%2Fv2%2Fcategories&post=158576"},{"taxonomy":"post_tag","embeddable":true,"href":"https:\/\/archive.sana.sy\/tr\/index.php?rest_route=%2Fwp%2Fv2%2Ftags&post=158576"}],"curies":[{"name":"wp","href":"https:\/\/api.w.org\/{rel}","templated":true}]}}