{"id":158585,"date":"2018-08-30T15:11:24","date_gmt":"2018-08-30T12:11:24","guid":{"rendered":"https:\/\/www.sana.sy\/tr\/?p=158585"},"modified":"2018-08-30T15:07:53","modified_gmt":"2018-08-30T12:07:53","slug":"muallim-vefali-ve-iyiligi-unutmayan-suriye-halkinin-rusyanin-terorle-mucadelede-oynadigi-rol-ve-verdigi-destegi-takdirle-karsiladigini-ifade-ederken-dolayisiyla-yeniden-yapilanmada-rol-ortaklarimiz","status":"publish","type":"post","link":"https:\/\/archive.sana.sy\/tr\/?p=158585","title":{"rendered":"Muallim vefal\u0131 ve iyili\u011fi unutmayan Suriye halk\u0131n\u0131n Rusya&#8217;n\u0131n ter\u00f6rle m\u00fccadelede oynad\u0131\u011f\u0131 rol ve verdi\u011fi deste\u011fi takdirle kar\u015f\u0131lad\u0131\u011f\u0131n\u0131 ifade ederken, dolay\u0131s\u0131yla yeniden yap\u0131lanmada rol ortaklar\u0131m\u0131za f\u0131rsat vermek istedi\u011fini, bu konuda Rusya&#8217;n\u0131n \u00f6nceli\u011fi oldu\u011funu belirtti."},"content":{"rendered":"<p>Muallim vefal\u0131 ve iyili\u011fi unutmayan Suriye halk\u0131n\u0131n Rusya&#8217;n\u0131n ter\u00f6rle m\u00fccadelede oynad\u0131\u011f\u0131 rol ve verdi\u011fi deste\u011fi takdirle kar\u015f\u0131lad\u0131\u011f\u0131n\u0131 ifade ederken, dolay\u0131s\u0131yla yeniden yap\u0131lanmada rol ortaklar\u0131m\u0131za f\u0131rsat vermek istedi\u011fini, bu konuda Rusya&#8217;n\u0131n \u00f6nceli\u011fi oldu\u011funu belirtti.<\/p>\n","protected":false},"excerpt":{"rendered":"<p>Muallim vefal\u0131 ve iyili\u011fi unutmayan Suriye halk\u0131n\u0131n Rusya&#8217;n\u0131n ter\u00f6rle m\u00fccadelede oynad\u0131\u011f\u0131 rol ve verdi\u011fi deste\u011fi takdirle kar\u015f\u0131lad\u0131\u011f\u0131n\u0131 ifade ederken, dolay\u0131s\u0131yla yeniden yap\u0131lanmada rol ortaklar\u0131m\u0131za f\u0131rsat vermek istedi\u011fini, bu konuda Rusya&#8217;n\u0131n \u00f6nceli\u011fi oldu\u011funu belirtti.<\/p>\n","protected":false},"author":1,"featured_media":0,"comment_status":"closed","ping_status":"closed","sticky":false,"template":"","format":"standard","meta":{"footnotes":""},"categories":[17991],"tags":[],"class_list":["post-158585","post","type-post","status-publish","format-standard","","category-son-dakika"],"_links":{"self":[{"href":"https:\/\/archive.sana.sy\/tr\/index.php?rest_route=\/wp\/v2\/posts\/158585","targetHints":{"allow":["GET"]}}],"collection":[{"href":"https:\/\/archive.sana.sy\/tr\/index.php?rest_route=\/wp\/v2\/posts"}],"about":[{"href":"https:\/\/archive.sana.sy\/tr\/index.php?rest_route=\/wp\/v2\/types\/post"}],"author":[{"embeddable":true,"href":"https:\/\/archive.sana.sy\/tr\/index.php?rest_route=\/wp\/v2\/users\/1"}],"replies":[{"embeddable":true,"href":"https:\/\/archive.sana.sy\/tr\/index.php?rest_route=%2Fwp%2Fv2%2Fcomments&post=158585"}],"version-history":[{"count":0,"href":"https:\/\/archive.sana.sy\/tr\/index.php?rest_route=\/wp\/v2\/posts\/158585\/revisions"}],"wp:attachment":[{"href":"https:\/\/archive.sana.sy\/tr\/index.php?rest_route=%2Fwp%2Fv2%2Fmedia&parent=158585"}],"wp:term":[{"taxonomy":"category","embeddable":true,"href":"https:\/\/archive.sana.sy\/tr\/index.php?rest_route=%2Fwp%2Fv2%2Fcategories&post=158585"},{"taxonomy":"post_tag","embeddable":true,"href":"https:\/\/archive.sana.sy\/tr\/index.php?rest_route=%2Fwp%2Fv2%2Ftags&post=158585"}],"curies":[{"name":"wp","href":"https:\/\/api.w.org\/{rel}","templated":true}]}}