{"id":158587,"date":"2018-08-30T15:14:39","date_gmt":"2018-08-30T12:14:39","guid":{"rendered":"https:\/\/www.sana.sy\/tr\/?p=158587"},"modified":"2018-08-30T15:09:44","modified_gmt":"2018-08-30T12:09:44","slug":"suriyedeki-krizin-sona-ermesi-ve-cozumun-saglanmasi-surecinin-son-adimina-gelindigini-belirten-muallim-suriye-topraklarinin-tamaminin-kesinlikle-terorden-kurtarilip-halkin-guvenliginin-saglanacagin","status":"publish","type":"post","link":"https:\/\/archive.sana.sy\/tr\/?p=158587","title":{"rendered":"Suriye&#8217;deki krizin sona ermesi ve \u00e7\u00f6z\u00fcm\u00fcn sa\u011flanmas\u0131 s\u00fcrecinin son ad\u0131m\u0131na gelindi\u011fini belirten Muallim; Suriye topraklar\u0131n\u0131n tamam\u0131n\u0131n kesinlikle ter\u00f6rden kurtar\u0131l\u0131p halk\u0131n g\u00fcvenli\u011finin sa\u011flanaca\u011f\u0131n\u0131n alt\u0131n\u0131 \u00e7izdi."},"content":{"rendered":"<p>Suriye&#8217;deki krizin sona ermesi ve \u00e7\u00f6z\u00fcm\u00fcn sa\u011flanmas\u0131 s\u00fcrecinin son ad\u0131m\u0131na gelindi\u011fini belirten Muallim; Suriye topraklar\u0131n\u0131n tamam\u0131n\u0131n kesinlikle ter\u00f6rden kurtar\u0131l\u0131p halk\u0131n g\u00fcvenli\u011finin sa\u011flanaca\u011f\u0131n\u0131n alt\u0131n\u0131 \u00e7izdi.<\/p>\n","protected":false},"excerpt":{"rendered":"<p>Suriye&#8217;deki krizin sona ermesi ve \u00e7\u00f6z\u00fcm\u00fcn sa\u011flanmas\u0131 s\u00fcrecinin son ad\u0131m\u0131na gelindi\u011fini belirten Muallim; Suriye topraklar\u0131n\u0131n tamam\u0131n\u0131n kesinlikle ter\u00f6rden kurtar\u0131l\u0131p halk\u0131n g\u00fcvenli\u011finin sa\u011flanaca\u011f\u0131n\u0131n alt\u0131n\u0131 \u00e7izdi.<\/p>\n","protected":false},"author":1,"featured_media":0,"comment_status":"closed","ping_status":"closed","sticky":false,"template":"","format":"standard","meta":{"footnotes":""},"categories":[17991],"tags":[],"class_list":["post-158587","post","type-post","status-publish","format-standard","","category-son-dakika"],"_links":{"self":[{"href":"https:\/\/archive.sana.sy\/tr\/index.php?rest_route=\/wp\/v2\/posts\/158587","targetHints":{"allow":["GET"]}}],"collection":[{"href":"https:\/\/archive.sana.sy\/tr\/index.php?rest_route=\/wp\/v2\/posts"}],"about":[{"href":"https:\/\/archive.sana.sy\/tr\/index.php?rest_route=\/wp\/v2\/types\/post"}],"author":[{"embeddable":true,"href":"https:\/\/archive.sana.sy\/tr\/index.php?rest_route=\/wp\/v2\/users\/1"}],"replies":[{"embeddable":true,"href":"https:\/\/archive.sana.sy\/tr\/index.php?rest_route=%2Fwp%2Fv2%2Fcomments&post=158587"}],"version-history":[{"count":0,"href":"https:\/\/archive.sana.sy\/tr\/index.php?rest_route=\/wp\/v2\/posts\/158587\/revisions"}],"wp:attachment":[{"href":"https:\/\/archive.sana.sy\/tr\/index.php?rest_route=%2Fwp%2Fv2%2Fmedia&parent=158587"}],"wp:term":[{"taxonomy":"category","embeddable":true,"href":"https:\/\/archive.sana.sy\/tr\/index.php?rest_route=%2Fwp%2Fv2%2Fcategories&post=158587"},{"taxonomy":"post_tag","embeddable":true,"href":"https:\/\/archive.sana.sy\/tr\/index.php?rest_route=%2Fwp%2Fv2%2Ftags&post=158587"}],"curies":[{"name":"wp","href":"https:\/\/api.w.org\/{rel}","templated":true}]}}