{"id":158589,"date":"2018-08-30T15:17:33","date_gmt":"2018-08-30T12:17:33","guid":{"rendered":"https:\/\/www.sana.sy\/tr\/?p=158589"},"modified":"2018-08-30T15:13:54","modified_gmt":"2018-08-30T12:13:54","slug":"muallim-abd-ingiltere-ve-fransanin-suriyedeki-planlarinin-basarisiz-dustugunu-gormeleriyle-mutlu-olmadiklarina-dikkat-cekerken-dolayisiyla-bm-gvuenlik-konseyi-haricinde-uluslar-arasi-kanu","status":"publish","type":"post","link":"https:\/\/archive.sana.sy\/tr\/?p=158589","title":{"rendered":"Muallim ABD, \u0130ngiltere ve Fransa\u2019n\u0131n Suriye&#8217;deki planlar\u0131n\u0131n ba\u015far\u0131s\u0131z d\u00fc\u015ft\u00fc\u011f\u00fcn\u00fc g\u00f6rmeleriyle mutlu olmad\u0131klar\u0131na dikkat \u00e7ekerken, dolay\u0131s\u0131yla BM Gv\u00fcenlik Konseyi haricinde uluslar aras\u0131 kanunlara ayk\u0131r\u0131 olarak Suriye&#8217;ye sald\u0131rmaya \u00e7al\u0131\u015ft\u0131klar\u0131n\u0131 ifade etti."},"content":{"rendered":"<p>Muallim ABD, \u0130ngiltere ve Fransa\u2019n\u0131n Suriye&#8217;deki planlar\u0131n\u0131n ba\u015far\u0131s\u0131z d\u00fc\u015ft\u00fc\u011f\u00fcn\u00fc g\u00f6rmeleriyle mutlu olmad\u0131klar\u0131na dikkat \u00e7ekerken, dolay\u0131s\u0131yla BM Gv\u00fcenlik Konseyi haricinde uluslar aras\u0131 kanunlara ayk\u0131r\u0131 olarak Suriye&#8217;ye sald\u0131rmaya \u00e7al\u0131\u015ft\u0131klar\u0131n\u0131 ifade etti.<\/p>\n","protected":false},"excerpt":{"rendered":"<p>Muallim ABD, \u0130ngiltere ve Fransa\u2019n\u0131n Suriye&#8217;deki planlar\u0131n\u0131n ba\u015far\u0131s\u0131z d\u00fc\u015ft\u00fc\u011f\u00fcn\u00fc g\u00f6rmeleriyle mutlu olmad\u0131klar\u0131na dikkat \u00e7ekerken, dolay\u0131s\u0131yla BM Gv\u00fcenlik Konseyi haricinde uluslar aras\u0131 kanunlara ayk\u0131r\u0131 olarak Suriye&#8217;ye sald\u0131rmaya \u00e7al\u0131\u015ft\u0131klar\u0131n\u0131 ifade etti.<\/p>\n","protected":false},"author":1,"featured_media":0,"comment_status":"closed","ping_status":"closed","sticky":false,"template":"","format":"standard","meta":{"footnotes":""},"categories":[17991],"tags":[],"class_list":["post-158589","post","type-post","status-publish","format-standard","","category-son-dakika"],"_links":{"self":[{"href":"https:\/\/archive.sana.sy\/tr\/index.php?rest_route=\/wp\/v2\/posts\/158589","targetHints":{"allow":["GET"]}}],"collection":[{"href":"https:\/\/archive.sana.sy\/tr\/index.php?rest_route=\/wp\/v2\/posts"}],"about":[{"href":"https:\/\/archive.sana.sy\/tr\/index.php?rest_route=\/wp\/v2\/types\/post"}],"author":[{"embeddable":true,"href":"https:\/\/archive.sana.sy\/tr\/index.php?rest_route=\/wp\/v2\/users\/1"}],"replies":[{"embeddable":true,"href":"https:\/\/archive.sana.sy\/tr\/index.php?rest_route=%2Fwp%2Fv2%2Fcomments&post=158589"}],"version-history":[{"count":0,"href":"https:\/\/archive.sana.sy\/tr\/index.php?rest_route=\/wp\/v2\/posts\/158589\/revisions"}],"wp:attachment":[{"href":"https:\/\/archive.sana.sy\/tr\/index.php?rest_route=%2Fwp%2Fv2%2Fmedia&parent=158589"}],"wp:term":[{"taxonomy":"category","embeddable":true,"href":"https:\/\/archive.sana.sy\/tr\/index.php?rest_route=%2Fwp%2Fv2%2Fcategories&post=158589"},{"taxonomy":"post_tag","embeddable":true,"href":"https:\/\/archive.sana.sy\/tr\/index.php?rest_route=%2Fwp%2Fv2%2Ftags&post=158589"}],"curies":[{"name":"wp","href":"https:\/\/api.w.org\/{rel}","templated":true}]}}