{"id":158591,"date":"2018-08-30T15:14:42","date_gmt":"2018-08-30T12:14:42","guid":{"rendered":"https:\/\/www.sana.sy\/tr\/?p=158591"},"modified":"2018-08-30T15:14:42","modified_gmt":"2018-08-30T12:14:42","slug":"bu-devletlerin-suriyede-siyasi-cozumu-engelleme-yasanan-savas-ve-suriyelilerin-acilarina-son-verme-cabalarini-sabote-etmek-istediklerini-belirten-muallim-amaclarinin-uluslar-arasi-teror-orgutleri","status":"publish","type":"post","link":"https:\/\/archive.sana.sy\/tr\/?p=158591","title":{"rendered":"Bu devletlerin Suriye&#8217;de siyasi \u00e7\u00f6z\u00fcm\u00fc engelleme, ya\u015fanan sava\u015f ve Suriyelilerin ac\u0131lar\u0131na son verme \u00e7abalar\u0131n\u0131 sabote etmek istediklerini belirten Muallim; ama\u00e7lar\u0131n\u0131n uluslar aras\u0131 ter\u00f6r \u00f6rg\u00fctleri listesinde yer alan Nusra Cephesi ve \u00e7at\u0131s\u0131 alt\u0131ndaki ter\u00f6ristlere yard\u0131m ve destekte bulunmak oldu\u011funun alt\u0131n\u0131 \u00e7izdi."},"content":{"rendered":"<p>Bu devletlerin Suriye&#8217;de siyasi \u00e7\u00f6z\u00fcm\u00fc engelleme, ya\u015fanan sava\u015f ve Suriyelilerin ac\u0131lar\u0131na son verme \u00e7abalar\u0131n\u0131 sabote etmek istediklerini belirten Muallim; ama\u00e7lar\u0131n\u0131n uluslar aras\u0131 ter\u00f6r \u00f6rg\u00fctleri listesinde yer alan Nusra Cephesi ve \u00e7at\u0131s\u0131 alt\u0131ndaki ter\u00f6ristlere yard\u0131m ve destekte bulunmak oldu\u011funun alt\u0131n\u0131 \u00e7izdi.<\/p>\n","protected":false},"excerpt":{"rendered":"<p>Bu devletlerin Suriye&#8217;de siyasi \u00e7\u00f6z\u00fcm\u00fc engelleme, ya\u015fanan sava\u015f ve Suriyelilerin ac\u0131lar\u0131na son verme \u00e7abalar\u0131n\u0131 sabote etmek istediklerini belirten Muallim; ama\u00e7lar\u0131n\u0131n uluslar aras\u0131 ter\u00f6r \u00f6rg\u00fctleri listesinde yer alan Nusra Cephesi ve \u00e7at\u0131s\u0131 alt\u0131ndaki ter\u00f6ristlere yard\u0131m ve destekte bulunmak oldu\u011funun alt\u0131n\u0131 \u00e7izdi.<\/p>\n","protected":false},"author":1,"featured_media":0,"comment_status":"closed","ping_status":"closed","sticky":false,"template":"","format":"standard","meta":{"footnotes":""},"categories":[17991],"tags":[],"class_list":["post-158591","post","type-post","status-publish","format-standard","","category-son-dakika"],"_links":{"self":[{"href":"https:\/\/archive.sana.sy\/tr\/index.php?rest_route=\/wp\/v2\/posts\/158591","targetHints":{"allow":["GET"]}}],"collection":[{"href":"https:\/\/archive.sana.sy\/tr\/index.php?rest_route=\/wp\/v2\/posts"}],"about":[{"href":"https:\/\/archive.sana.sy\/tr\/index.php?rest_route=\/wp\/v2\/types\/post"}],"author":[{"embeddable":true,"href":"https:\/\/archive.sana.sy\/tr\/index.php?rest_route=\/wp\/v2\/users\/1"}],"replies":[{"embeddable":true,"href":"https:\/\/archive.sana.sy\/tr\/index.php?rest_route=%2Fwp%2Fv2%2Fcomments&post=158591"}],"version-history":[{"count":0,"href":"https:\/\/archive.sana.sy\/tr\/index.php?rest_route=\/wp\/v2\/posts\/158591\/revisions"}],"wp:attachment":[{"href":"https:\/\/archive.sana.sy\/tr\/index.php?rest_route=%2Fwp%2Fv2%2Fmedia&parent=158591"}],"wp:term":[{"taxonomy":"category","embeddable":true,"href":"https:\/\/archive.sana.sy\/tr\/index.php?rest_route=%2Fwp%2Fv2%2Fcategories&post=158591"},{"taxonomy":"post_tag","embeddable":true,"href":"https:\/\/archive.sana.sy\/tr\/index.php?rest_route=%2Fwp%2Fv2%2Ftags&post=158591"}],"curies":[{"name":"wp","href":"https:\/\/api.w.org\/{rel}","templated":true}]}}