{"id":158595,"date":"2018-08-30T15:23:53","date_gmt":"2018-08-30T12:23:53","guid":{"rendered":"https:\/\/www.sana.sy\/tr\/?p=158595"},"modified":"2018-08-30T15:19:53","modified_gmt":"2018-08-30T12:19:53","slug":"bu-gibi-asilsiz-iddialarda-bulunanlarin-amac-ve-gayelerinin-malum-oldugunu-belirten-muallim-suriyeye-saldirip-edatlari-olan-teroristleri-destekleyip-cozumu-engelleme-amacli-bu-iddialarin-belge-ve-k","status":"publish","type":"post","link":"https:\/\/archive.sana.sy\/tr\/?p=158595","title":{"rendered":"Bu gibi as\u0131ls\u0131z iddialarda bulunanlar\u0131n ama\u00e7 ve gayelerinin malum oldu\u011funu belirten Muallim; Suriye&#8217;ye sald\u0131r\u0131p edatlar\u0131 olan ter\u00f6ristleri destekleyip \u00e7\u00f6z\u00fcm\u00fc engelleme ama\u00e7l\u0131 bu iddialar\u0131n belge ve kan\u0131tlarla \u00e7\u00fcr\u00fct\u00fcld\u00fc\u011f\u00fcne dikkat \u00e7ekti."},"content":{"rendered":"<p>Bu gibi as\u0131ls\u0131z iddialarda bulunanlar\u0131n ama\u00e7 ve gayelerinin malum oldu\u011funu belirten Muallim; Suriye&#8217;ye sald\u0131r\u0131p edatlar\u0131 olan ter\u00f6ristleri destekleyip \u00e7\u00f6z\u00fcm\u00fc engelleme ama\u00e7l\u0131 bu iddialar\u0131n belge ve kan\u0131tlarla \u00e7\u00fcr\u00fct\u00fcld\u00fc\u011f\u00fcne dikkat \u00e7ekti.<\/p>\n","protected":false},"excerpt":{"rendered":"<p>Bu gibi as\u0131ls\u0131z iddialarda bulunanlar\u0131n ama\u00e7 ve gayelerinin malum oldu\u011funu belirten Muallim; Suriye&#8217;ye sald\u0131r\u0131p edatlar\u0131 olan ter\u00f6ristleri destekleyip \u00e7\u00f6z\u00fcm\u00fc engelleme ama\u00e7l\u0131 bu iddialar\u0131n belge ve kan\u0131tlarla \u00e7\u00fcr\u00fct\u00fcld\u00fc\u011f\u00fcne dikkat \u00e7ekti.<\/p>\n","protected":false},"author":1,"featured_media":0,"comment_status":"closed","ping_status":"closed","sticky":false,"template":"","format":"standard","meta":{"footnotes":""},"categories":[17991],"tags":[],"class_list":["post-158595","post","type-post","status-publish","format-standard","","category-son-dakika"],"_links":{"self":[{"href":"https:\/\/archive.sana.sy\/tr\/index.php?rest_route=\/wp\/v2\/posts\/158595","targetHints":{"allow":["GET"]}}],"collection":[{"href":"https:\/\/archive.sana.sy\/tr\/index.php?rest_route=\/wp\/v2\/posts"}],"about":[{"href":"https:\/\/archive.sana.sy\/tr\/index.php?rest_route=\/wp\/v2\/types\/post"}],"author":[{"embeddable":true,"href":"https:\/\/archive.sana.sy\/tr\/index.php?rest_route=\/wp\/v2\/users\/1"}],"replies":[{"embeddable":true,"href":"https:\/\/archive.sana.sy\/tr\/index.php?rest_route=%2Fwp%2Fv2%2Fcomments&post=158595"}],"version-history":[{"count":0,"href":"https:\/\/archive.sana.sy\/tr\/index.php?rest_route=\/wp\/v2\/posts\/158595\/revisions"}],"wp:attachment":[{"href":"https:\/\/archive.sana.sy\/tr\/index.php?rest_route=%2Fwp%2Fv2%2Fmedia&parent=158595"}],"wp:term":[{"taxonomy":"category","embeddable":true,"href":"https:\/\/archive.sana.sy\/tr\/index.php?rest_route=%2Fwp%2Fv2%2Fcategories&post=158595"},{"taxonomy":"post_tag","embeddable":true,"href":"https:\/\/archive.sana.sy\/tr\/index.php?rest_route=%2Fwp%2Fv2%2Ftags&post=158595"}],"curies":[{"name":"wp","href":"https:\/\/api.w.org\/{rel}","templated":true}]}}