{"id":158598,"date":"2018-08-30T16:27:11","date_gmt":"2018-08-30T13:27:11","guid":{"rendered":"https:\/\/www.sana.sy\/tr\/?p=158598"},"modified":"2018-08-30T16:27:11","modified_gmt":"2018-08-30T13:27:11","slug":"moskovada-muallim-ile-toplantinin-ardindan-duzenlenen-basin-toplantisinda-lavrov-idlibte-teroristlerin-suriye-ordusuna-karsi-provokasyonlari-ve-lazkiye-kirsalindaki-hmeymim-ussune-i","status":"publish","type":"post","link":"https:\/\/archive.sana.sy\/tr\/?p=158598","title":{"rendered":"Moskova\u2019da Muallim ile toplant\u0131n\u0131n ard\u0131ndan d\u00fczenlenen bas\u0131n toplant\u0131s\u0131nda Lavrov; \u0130dlib\u2019te ter\u00f6ristlerin Suriye ordusuna kar\u015f\u0131 provokasyonlar\u0131 ve Lazkiye k\u0131rsal\u0131ndaki Hmeymim \u00dcss\u00fcne insans\u0131z hava ara\u00e7lar\u0131yla sald\u0131rmalar\u0131na devam etmelerine izin vermenin m\u00fcmk\u00fcn olmad\u0131\u011f\u0131n\u0131 vurgulad\u0131."},"content":{"rendered":"<p>Moskova\u2019da Muallim ile toplant\u0131n\u0131n ard\u0131ndan d\u00fczenlenen bas\u0131n toplant\u0131s\u0131nda Lavrov; \u0130dlib\u2019te ter\u00f6ristlerin Suriye ordusuna kar\u015f\u0131 provokasyonlar\u0131 ve Lazkiye k\u0131rsal\u0131ndaki Hmeymim \u00dcss\u00fcne insans\u0131z hava ara\u00e7lar\u0131yla sald\u0131rmalar\u0131na devam etmelerine izin vermenin m\u00fcmk\u00fcn olmad\u0131\u011f\u0131n\u0131 vurgulad\u0131.<\/p>\n","protected":false},"excerpt":{"rendered":"<p>Moskova\u2019da Muallim ile toplant\u0131n\u0131n ard\u0131ndan d\u00fczenlenen bas\u0131n toplant\u0131s\u0131nda Lavrov; \u0130dlib\u2019te ter\u00f6ristlerin Suriye ordusuna kar\u015f\u0131 provokasyonlar\u0131 ve Lazkiye k\u0131rsal\u0131ndaki Hmeymim \u00dcss\u00fcne insans\u0131z hava ara\u00e7lar\u0131yla sald\u0131rmalar\u0131na devam etmelerine izin vermenin m\u00fcmk\u00fcn olmad\u0131\u011f\u0131n\u0131 vurgulad\u0131.<\/p>\n","protected":false},"author":1,"featured_media":0,"comment_status":"closed","ping_status":"closed","sticky":false,"template":"","format":"standard","meta":{"footnotes":""},"categories":[17991],"tags":[],"class_list":["post-158598","post","type-post","status-publish","format-standard","","category-son-dakika"],"_links":{"self":[{"href":"https:\/\/archive.sana.sy\/tr\/index.php?rest_route=\/wp\/v2\/posts\/158598","targetHints":{"allow":["GET"]}}],"collection":[{"href":"https:\/\/archive.sana.sy\/tr\/index.php?rest_route=\/wp\/v2\/posts"}],"about":[{"href":"https:\/\/archive.sana.sy\/tr\/index.php?rest_route=\/wp\/v2\/types\/post"}],"author":[{"embeddable":true,"href":"https:\/\/archive.sana.sy\/tr\/index.php?rest_route=\/wp\/v2\/users\/1"}],"replies":[{"embeddable":true,"href":"https:\/\/archive.sana.sy\/tr\/index.php?rest_route=%2Fwp%2Fv2%2Fcomments&post=158598"}],"version-history":[{"count":0,"href":"https:\/\/archive.sana.sy\/tr\/index.php?rest_route=\/wp\/v2\/posts\/158598\/revisions"}],"wp:attachment":[{"href":"https:\/\/archive.sana.sy\/tr\/index.php?rest_route=%2Fwp%2Fv2%2Fmedia&parent=158598"}],"wp:term":[{"taxonomy":"category","embeddable":true,"href":"https:\/\/archive.sana.sy\/tr\/index.php?rest_route=%2Fwp%2Fv2%2Fcategories&post=158598"},{"taxonomy":"post_tag","embeddable":true,"href":"https:\/\/archive.sana.sy\/tr\/index.php?rest_route=%2Fwp%2Fv2%2Ftags&post=158598"}],"curies":[{"name":"wp","href":"https:\/\/api.w.org\/{rel}","templated":true}]}}