{"id":158609,"date":"2018-08-30T16:34:30","date_gmt":"2018-08-30T13:34:30","guid":{"rendered":"https:\/\/www.sana.sy\/tr\/?p=158609"},"modified":"2018-08-30T16:32:04","modified_gmt":"2018-08-30T13:32:04","slug":"suriyelilerin-vatanlarina-geri-donuslerinde-uluslar-arasi-toplumun-yardim-ve-destekte-bulunmasi-gerektigini-ifade-eden-lavrov-buna-es-zamanli-olarak-onlara-insani-yardimlarin-ulasiminin-surdurulmesi","status":"publish","type":"post","link":"https:\/\/archive.sana.sy\/tr\/?p=158609","title":{"rendered":"Suriyelilerin vatanlar\u0131na geri d\u00f6n\u00fc\u015flerinde uluslar aras\u0131 toplumun yard\u0131m ve destekte bulunmas\u0131 gerekti\u011fini ifade eden Lavrov; buna e\u015f zamanl\u0131 olarak onlara insani yard\u0131mlar\u0131n ula\u015f\u0131m\u0131n\u0131n s\u00fcrd\u00fcr\u00fclmesi gere\u011fine odaklan\u0131lmas\u0131 gerekti\u011fini s\u00f6yledi."},"content":{"rendered":"<p>Suriyelilerin vatanlar\u0131na geri d\u00f6n\u00fc\u015flerinde uluslar aras\u0131 toplumun yard\u0131m ve destekte bulunmas\u0131 gerekti\u011fini ifade eden Lavrov; buna e\u015f zamanl\u0131 olarak onlara insani yard\u0131mlar\u0131n ula\u015f\u0131m\u0131n\u0131n s\u00fcrd\u00fcr\u00fclmesi gere\u011fine odaklan\u0131lmas\u0131 gerekti\u011fini s\u00f6yledi.<\/p>\n","protected":false},"excerpt":{"rendered":"<p>Suriyelilerin vatanlar\u0131na geri d\u00f6n\u00fc\u015flerinde uluslar aras\u0131 toplumun yard\u0131m ve destekte bulunmas\u0131 gerekti\u011fini ifade eden Lavrov; buna e\u015f zamanl\u0131 olarak onlara insani yard\u0131mlar\u0131n ula\u015f\u0131m\u0131n\u0131n s\u00fcrd\u00fcr\u00fclmesi gere\u011fine odaklan\u0131lmas\u0131 gerekti\u011fini s\u00f6yledi.<\/p>\n","protected":false},"author":1,"featured_media":0,"comment_status":"closed","ping_status":"closed","sticky":false,"template":"","format":"standard","meta":{"footnotes":""},"categories":[17991],"tags":[],"class_list":["post-158609","post","type-post","status-publish","format-standard","","category-son-dakika"],"_links":{"self":[{"href":"https:\/\/archive.sana.sy\/tr\/index.php?rest_route=\/wp\/v2\/posts\/158609","targetHints":{"allow":["GET"]}}],"collection":[{"href":"https:\/\/archive.sana.sy\/tr\/index.php?rest_route=\/wp\/v2\/posts"}],"about":[{"href":"https:\/\/archive.sana.sy\/tr\/index.php?rest_route=\/wp\/v2\/types\/post"}],"author":[{"embeddable":true,"href":"https:\/\/archive.sana.sy\/tr\/index.php?rest_route=\/wp\/v2\/users\/1"}],"replies":[{"embeddable":true,"href":"https:\/\/archive.sana.sy\/tr\/index.php?rest_route=%2Fwp%2Fv2%2Fcomments&post=158609"}],"version-history":[{"count":0,"href":"https:\/\/archive.sana.sy\/tr\/index.php?rest_route=\/wp\/v2\/posts\/158609\/revisions"}],"wp:attachment":[{"href":"https:\/\/archive.sana.sy\/tr\/index.php?rest_route=%2Fwp%2Fv2%2Fmedia&parent=158609"}],"wp:term":[{"taxonomy":"category","embeddable":true,"href":"https:\/\/archive.sana.sy\/tr\/index.php?rest_route=%2Fwp%2Fv2%2Fcategories&post=158609"},{"taxonomy":"post_tag","embeddable":true,"href":"https:\/\/archive.sana.sy\/tr\/index.php?rest_route=%2Fwp%2Fv2%2Ftags&post=158609"}],"curies":[{"name":"wp","href":"https:\/\/api.w.org\/{rel}","templated":true}]}}