{"id":158611,"date":"2018-08-30T16:40:33","date_gmt":"2018-08-30T13:40:33","guid":{"rendered":"https:\/\/www.sana.sy\/tr\/?p=158611"},"modified":"2018-08-30T16:35:45","modified_gmt":"2018-08-30T13:35:45","slug":"suriyede-guvenlik-istikrarin-saglanmasinin-yani-sira-suriyelilerin-vatanlarina-donmelerinin-bir-kisim-taraflarin-isine-gelmedigini-belirten-lavrov-dolayisiyla-soz-konusu-bu-taraflarin-suriyelilerin","status":"publish","type":"post","link":"https:\/\/archive.sana.sy\/tr\/?p=158611","title":{"rendered":"Suriye&#8217;de g\u00fcvenlik istikrar\u0131n sa\u011flanmas\u0131n\u0131n yan\u0131 s\u0131ra Suriyelilerin vatanlar\u0131na d\u00f6nmelerinin bir k\u0131s\u0131m taraflar\u0131n i\u015fine gelmedi\u011fini belirten Lavrov; dolay\u0131s\u0131yla s\u00f6z konusu bu taraflar\u0131n Suriyelilerin geri d\u00f6n\u00fc\u015flerini engelleme ve bu y\u00f6ndeki \u00e7abalar\u0131 sabote etmeye \u00e7al\u0131\u015ft\u0131klar\u0131n\u0131 vurgulad\u0131."},"content":{"rendered":"<p>Suriye&#8217;de g\u00fcvenlik istikrar\u0131n sa\u011flanmas\u0131n\u0131n yan\u0131 s\u0131ra Suriyelilerin vatanlar\u0131na d\u00f6nmelerinin bir k\u0131s\u0131m taraflar\u0131n i\u015fine gelmedi\u011fini belirten Lavrov; dolay\u0131s\u0131yla s\u00f6z konusu bu taraflar\u0131n Suriyelilerin geri d\u00f6n\u00fc\u015flerini engelleme ve bu y\u00f6ndeki \u00e7abalar\u0131 sabote etmeye \u00e7al\u0131\u015ft\u0131klar\u0131n\u0131 vurgulad\u0131.<\/p>\n","protected":false},"excerpt":{"rendered":"<p>Suriye&#8217;de g\u00fcvenlik istikrar\u0131n sa\u011flanmas\u0131n\u0131n yan\u0131 s\u0131ra Suriyelilerin vatanlar\u0131na d\u00f6nmelerinin bir k\u0131s\u0131m taraflar\u0131n i\u015fine gelmedi\u011fini belirten Lavrov; dolay\u0131s\u0131yla s\u00f6z konusu bu taraflar\u0131n Suriyelilerin geri d\u00f6n\u00fc\u015flerini engelleme ve bu y\u00f6ndeki \u00e7abalar\u0131 sabote etmeye \u00e7al\u0131\u015ft\u0131klar\u0131n\u0131 vurgulad\u0131.<\/p>\n","protected":false},"author":1,"featured_media":0,"comment_status":"closed","ping_status":"closed","sticky":false,"template":"","format":"standard","meta":{"footnotes":""},"categories":[17991],"tags":[],"class_list":["post-158611","post","type-post","status-publish","format-standard","","category-son-dakika"],"_links":{"self":[{"href":"https:\/\/archive.sana.sy\/tr\/index.php?rest_route=\/wp\/v2\/posts\/158611","targetHints":{"allow":["GET"]}}],"collection":[{"href":"https:\/\/archive.sana.sy\/tr\/index.php?rest_route=\/wp\/v2\/posts"}],"about":[{"href":"https:\/\/archive.sana.sy\/tr\/index.php?rest_route=\/wp\/v2\/types\/post"}],"author":[{"embeddable":true,"href":"https:\/\/archive.sana.sy\/tr\/index.php?rest_route=\/wp\/v2\/users\/1"}],"replies":[{"embeddable":true,"href":"https:\/\/archive.sana.sy\/tr\/index.php?rest_route=%2Fwp%2Fv2%2Fcomments&post=158611"}],"version-history":[{"count":0,"href":"https:\/\/archive.sana.sy\/tr\/index.php?rest_route=\/wp\/v2\/posts\/158611\/revisions"}],"wp:attachment":[{"href":"https:\/\/archive.sana.sy\/tr\/index.php?rest_route=%2Fwp%2Fv2%2Fmedia&parent=158611"}],"wp:term":[{"taxonomy":"category","embeddable":true,"href":"https:\/\/archive.sana.sy\/tr\/index.php?rest_route=%2Fwp%2Fv2%2Fcategories&post=158611"},{"taxonomy":"post_tag","embeddable":true,"href":"https:\/\/archive.sana.sy\/tr\/index.php?rest_route=%2Fwp%2Fv2%2Ftags&post=158611"}],"curies":[{"name":"wp","href":"https:\/\/api.w.org\/{rel}","templated":true}]}}