{"id":158618,"date":"2018-08-30T16:43:04","date_gmt":"2018-08-30T13:43:04","guid":{"rendered":"https:\/\/www.sana.sy\/tr\/?p=158618"},"modified":"2018-08-30T16:43:04","modified_gmt":"2018-08-30T13:43:04","slug":"suriye-ve-rusyanin-msokovada-yapilan-uluslar-arasi-temaslar-konusunda-surekli-koordinasyon-icinde-olduklarini-belirten-muallim-iki-taraf-arasinda-ortak-bir-vizyon-olmasiyla-soz-konusu-tema","status":"publish","type":"post","link":"https:\/\/archive.sana.sy\/tr\/?p=158618","title":{"rendered":"Suriye ve Rusya&#8217;n\u0131n Msokova\u2019da yap\u0131lan uluslar aras\u0131 temaslar konusunda s\u00fcrekli koordinasyon i\u00e7inde olduklar\u0131n\u0131 belirten Muallim; iki taraf aras\u0131nda ortak bir vizyon olmas\u0131yla s\u00f6z konusu temaslar\u0131n gayet olumlu oldu\u011funu ifade etti."},"content":{"rendered":"<p>Suriye ve Rusya&#8217;n\u0131n Msokova\u2019da yap\u0131lan uluslar aras\u0131 temaslar konusunda s\u00fcrekli koordinasyon i\u00e7inde olduklar\u0131n\u0131 belirten Muallim; iki taraf aras\u0131nda ortak bir vizyon olmas\u0131yla s\u00f6z konusu temaslar\u0131n gayet olumlu oldu\u011funu ifade etti.<\/p>\n","protected":false},"excerpt":{"rendered":"<p>Suriye ve Rusya&#8217;n\u0131n Msokova\u2019da yap\u0131lan uluslar aras\u0131 temaslar konusunda s\u00fcrekli koordinasyon i\u00e7inde olduklar\u0131n\u0131 belirten Muallim; iki taraf aras\u0131nda ortak bir vizyon olmas\u0131yla s\u00f6z konusu temaslar\u0131n gayet olumlu oldu\u011funu ifade etti.<\/p>\n","protected":false},"author":1,"featured_media":0,"comment_status":"closed","ping_status":"closed","sticky":false,"template":"","format":"standard","meta":{"footnotes":""},"categories":[17991],"tags":[],"class_list":["post-158618","post","type-post","status-publish","format-standard","","category-son-dakika"],"_links":{"self":[{"href":"https:\/\/archive.sana.sy\/tr\/index.php?rest_route=\/wp\/v2\/posts\/158618","targetHints":{"allow":["GET"]}}],"collection":[{"href":"https:\/\/archive.sana.sy\/tr\/index.php?rest_route=\/wp\/v2\/posts"}],"about":[{"href":"https:\/\/archive.sana.sy\/tr\/index.php?rest_route=\/wp\/v2\/types\/post"}],"author":[{"embeddable":true,"href":"https:\/\/archive.sana.sy\/tr\/index.php?rest_route=\/wp\/v2\/users\/1"}],"replies":[{"embeddable":true,"href":"https:\/\/archive.sana.sy\/tr\/index.php?rest_route=%2Fwp%2Fv2%2Fcomments&post=158618"}],"version-history":[{"count":0,"href":"https:\/\/archive.sana.sy\/tr\/index.php?rest_route=\/wp\/v2\/posts\/158618\/revisions"}],"wp:attachment":[{"href":"https:\/\/archive.sana.sy\/tr\/index.php?rest_route=%2Fwp%2Fv2%2Fmedia&parent=158618"}],"wp:term":[{"taxonomy":"category","embeddable":true,"href":"https:\/\/archive.sana.sy\/tr\/index.php?rest_route=%2Fwp%2Fv2%2Fcategories&post=158618"},{"taxonomy":"post_tag","embeddable":true,"href":"https:\/\/archive.sana.sy\/tr\/index.php?rest_route=%2Fwp%2Fv2%2Ftags&post=158618"}],"curies":[{"name":"wp","href":"https:\/\/api.w.org\/{rel}","templated":true}]}}